{"id":117326,"date":"2015-10-04T11:47:58","date_gmt":"2015-10-04T09:47:58","guid":{"rendered":"http:\/\/www.cronacaonline.it\/public\/content\/?p=117326"},"modified":"2015-10-04T11:47:58","modified_gmt":"2015-10-04T09:47:58","slug":"il-caso-vaticano-contro-prete-che-fa-coming-out-scelta-irresponsabile","status":"publish","type":"post","link":"https:\/\/www.cronacaonline.it\/index.php\/2015\/10\/04\/il-caso-vaticano-contro-prete-che-fa-coming-out-scelta-irresponsabile\/","title":{"rendered":"Il caso Vaticano contro prete che fa coming out: &#8220;scelta irresponsabile&#8221;"},"content":{"rendered":"<p>Citt\u00e0 del Vaticano, 4 Ott 2015 - \"Certamente mons.Charamsa non potr\u00e0 continuare a svolgere i compiti precedenti presso la Congregazione per la dottrina della fede e le universit\u00e0 pontificie, mentre gli altri aspetti della sua\u00a0situazione sono di competenza del suo Ordinario diocesano\" cosi Padre Lombardi, portavoce della Santa Sede, risponde alle dichiarazioni\u00a0di Monsignor\u00a0Krzysztof Charamsa: \"Sono gay e ho un compagno\".\u00a0Aggiunge: \"La scelta di operare\u00a0una manifestazione cos\u00ec clamorosa alla vigilia della apertura\u00a0del Sinodo\u00a0appare molto grave e non responsabile, poich\u00e9 mira a\u00a0sottoporre l'assemblea sinodale a una indebita pressione\u00a0mediatica\". Controreplica il prelato:\u00a0\"Cercher\u00f2 lavoro\" e accusa: \"Devo parlare di ci\u00f2 che ho subito all'ex S. Uffizio, che \u00e8 il cuore dell'omofobia della Chiesa cattolica,\u00a0un'omofobia esasperata e paranoica\". Poi aggiunge: Papa Francesco \u00e8\u00a0\"fantastico\" perch\u00e9 \"ci ha fatto riscoprire la bellezza del\u00a0dialogo, non dialogavamo\" e lancia un appello proprio al Sinodo sulla famiglia: \"Sia\u00a0davvero di tutte le famiglie e nessuna sia esclusa\".<\/p>\n<p>\"Voglio che la Chiesa e la mia comunit\u00e0 sappiano chi sono: un sacerdote omosessuale, felice e orgoglioso, della propria identit\u00e0. Sono pronto a pagarne le conseguenze, ma \u00e8 il momento che la Chiesa apra gli occhi di fronte ai gay credenti e capisca che la soluzione che propone loro, l'astinenza totale dalla vita d'amore. \u00c8 disumana\", aveva detto Monsignor Krzysztof Charamsa, teologo, 43 anni, polacco e da 17 anni residente a Roma, al Corriere della Sera. Monsignor Krzysztof Charamsa \u00e8 un ufficiale della Congregazione per la Dottrina della fede dal 2003 \u00e8 segretario della Commisione teologica internazionale vaticana e insegna teologia alla Pontificia universit\u00e0 gregoriana e al pontificio Ateneo Regina Apostolorumo a Roma.<\/p>\n<p>Una dichiarazione che arriva alla\u00a0vigilia del Sinodo sulla famiglia, \"l'amore omosessuale \u00e8 un amore familiare che ha bisogno della famiglia\". Racconta poi di avere un compagno: \"So che la Chiesa mi vedr\u00e0 come qualcuno che non ha saputo mantenere una promessa, che si \u00e8 perso e per di pi\u00f9 non con una donna ma con un uomo! E so anche che dovr\u00f2 rinunciare al ministero, che pure \u00e8 tutta la mia vita\". Una scelta, quella di raccontarsi, che nasce, dice, dalla volont\u00e0 di voler essere trasparente, di accettarsi.<\/p>\n","protected":false},"excerpt":{"rendered":"<p>Citt\u00e0 del Vaticano, 4 Ott 2015 &#8211; &#8220;Certamente mons.Charamsa non potr\u00e0 continuare a svolgere i compiti precedenti presso la Congregazione per la dottrina della fede&#8230;<\/p>\n","protected":false},"author":2,"featured_media":117328,"comment_status":"closed","ping_status":"closed","sticky":false,"template":"","format":"standard","meta":[],"categories":[49,51],"tags":[],"_links":{"self":[{"href":"https:\/\/www.cronacaonline.it\/index.php\/wp-json\/wp\/v2\/posts\/117326"}],"collection":[{"href":"https:\/\/www.cronacaonline.it\/index.php\/wp-json\/wp\/v2\/posts"}],"about":[{"href":"https:\/\/www.cronacaonline.it\/index.php\/wp-json\/wp\/v2\/types\/post"}],"author":[{"embeddable":true,"href":"https:\/\/www.cronacaonline.it\/index.php\/wp-json\/wp\/v2\/users\/2"}],"replies":[{"embeddable":true,"href":"https:\/\/www.cronacaonline.it\/index.php\/wp-json\/wp\/v2\/comments?post=117326"}],"version-history":[{"count":0,"href":"https:\/\/www.cronacaonline.it\/index.php\/wp-json\/wp\/v2\/posts\/117326\/revisions"}],"wp:featuredmedia":[{"embeddable":true,"href":"https:\/\/www.cronacaonline.it\/index.php\/wp-json\/"}],"wp:attachment":[{"href":"https:\/\/www.cronacaonline.it\/index.php\/wp-json\/wp\/v2\/media?parent=117326"}],"wp:term":[{"taxonomy":"category","embeddable":true,"href":"https:\/\/www.cronacaonline.it\/index.php\/wp-json\/wp\/v2\/categories?post=117326"},{"taxonomy":"post_tag","embeddable":true,"href":"https:\/\/www.cronacaonline.it\/index.php\/wp-json\/wp\/v2\/tags?post=117326"}],"curies":[{"name":"wp","href":"https:\/\/api.w.org\/{rel}","templated":true}]}}