{"id":117307,"date":"2015-10-03T12:07:07","date_gmt":"2015-10-03T10:07:07","guid":{"rendered":"http:\/\/www.cronacaonline.it\/public\/content\/?p=117307"},"modified":"2015-10-03T12:07:07","modified_gmt":"2015-10-03T10:07:07","slug":"lunedi-prossimo-riunione-del-comitato-regionale-autorita-di-pubblica-sicurezza","status":"publish","type":"post","link":"https:\/\/www.cronacaonline.it\/index.php\/2015\/10\/03\/lunedi-prossimo-riunione-del-comitato-regionale-autorita-di-pubblica-sicurezza\/","title":{"rendered":"Luned\u00ec prossimo riunione del Comitato regionale autorit\u00e0 di Pubblica Sicurezza."},"content":{"rendered":"<p>Cagliari, 3 Ott 2015 - Luned\u00ec 5 ottobre, alle ore 10,30, presso la sede di questa Prefettura \u2013 Piazza Palazzo, il Prefetto, Giuliana Perrotta, presieder\u00e0 una riunione del Comitato Regionale Autorit\u00e0 di Pubblica Sicurezza, appositamente convocata per procedere alla sottoscrizione del protocollo sui fenomeni dell\u2019abusivismo commerciale e della contraffazione.<\/p>\n<p>L\u2019incontro sar\u00e0 incentrato sulla implementazione dei sistemi tecnologici di controllo del territorio, su un\u2019analisi delle problematiche connesse all\u2019affluenza di immigrati, nonch\u00e9 sull\u2019esame della situazione degli attentati agli amministratori locali e della criminalit\u00e0 organizzata.<\/p>\n<p>Alla riunione parteciperanno i Prefetti e i Questori della Sardegna, il Presidente della Regione, i Comandanti regionali e provinciali dei Carabinieri e della Guardia di Finanza, il Procuratore generale presso la Corte d\u2019Appello e il Capo della DDA, il Presidente dell\u2019ANCI e i Sindaci dei capoluoghi di provincia, i Presidenti di Unioncamere e delle associazioni di commercianti, artigiani ed esercenti.<\/p>\n","protected":false},"excerpt":{"rendered":"<p>Cagliari, 3 Ott 2015 &#8211; Luned\u00ec 5 ottobre, alle ore 10,30, presso la sede di questa Prefettura \u2013 Piazza Palazzo, il Prefetto, Giuliana Perrotta, presieder\u00e0&#8230;<\/p>\n","protected":false},"author":2,"featured_media":116198,"comment_status":"closed","ping_status":"closed","sticky":false,"template":"","format":"standard","meta":[],"categories":[49,53],"tags":[],"_links":{"self":[{"href":"https:\/\/www.cronacaonline.it\/index.php\/wp-json\/wp\/v2\/posts\/117307"}],"collection":[{"href":"https:\/\/www.cronacaonline.it\/index.php\/wp-json\/wp\/v2\/posts"}],"about":[{"href":"https:\/\/www.cronacaonline.it\/index.php\/wp-json\/wp\/v2\/types\/post"}],"author":[{"embeddable":true,"href":"https:\/\/www.cronacaonline.it\/index.php\/wp-json\/wp\/v2\/users\/2"}],"replies":[{"embeddable":true,"href":"https:\/\/www.cronacaonline.it\/index.php\/wp-json\/wp\/v2\/comments?post=117307"}],"version-history":[{"count":0,"href":"https:\/\/www.cronacaonline.it\/index.php\/wp-json\/wp\/v2\/posts\/117307\/revisions"}],"wp:featuredmedia":[{"embeddable":true,"href":"https:\/\/www.cronacaonline.it\/index.php\/wp-json\/"}],"wp:attachment":[{"href":"https:\/\/www.cronacaonline.it\/index.php\/wp-json\/wp\/v2\/media?parent=117307"}],"wp:term":[{"taxonomy":"category","embeddable":true,"href":"https:\/\/www.cronacaonline.it\/index.php\/wp-json\/wp\/v2\/categories?post=117307"},{"taxonomy":"post_tag","embeddable":true,"href":"https:\/\/www.cronacaonline.it\/index.php\/wp-json\/wp\/v2\/tags?post=117307"}],"curies":[{"name":"wp","href":"https:\/\/api.w.org\/{rel}","templated":true}]}}