{"id":117150,"date":"2015-09-30T17:06:47","date_gmt":"2015-09-30T15:06:47","guid":{"rendered":"http:\/\/www.cronacaonline.it\/public\/content\/?p=117150"},"modified":"2015-09-30T17:06:47","modified_gmt":"2015-09-30T15:06:47","slug":"rinvio-riunione-del-comitato-regionale-autorita-di-pubblica-sicurezza","status":"publish","type":"post","link":"https:\/\/www.cronacaonline.it\/index.php\/2015\/09\/30\/rinvio-riunione-del-comitato-regionale-autorita-di-pubblica-sicurezza\/","title":{"rendered":"Rinvio riunione del Comitato Regionale Autorit\u00e0 di Pubblica Sicurezza"},"content":{"rendered":"<p>Cagliari, 30 Set 2015 - Si comunica che il Comitato Regionale Autorit\u00e0 di Pubblica Sicurezza, gi\u00e0 convocato per domani 1\u00b0 ottobre, alle ore 10,30, presso la sede di questa Prefettura \u2013 Piazza Palazzo, a seguito dell\u2019emissione dalla Protezione Civile regionale dell\u2019avviso di criticit\u00e0 elevata sulla Sardegna fino alle 12 di venerd\u00ec 2 ottobre prossimo, per motivi precauzionali \u00e8 rinviato a luned\u00ec 5 ottobre p.v. alle ore 10,30.<\/p>\n","protected":false},"excerpt":{"rendered":"<p>Cagliari, 30 Set 2015 &#8211; Si comunica che il Comitato Regionale Autorit\u00e0 di Pubblica Sicurezza, gi\u00e0 convocato per domani 1\u00b0 ottobre, alle ore 10,30, presso&#8230;<\/p>\n","protected":false},"author":2,"featured_media":25698,"comment_status":"closed","ping_status":"closed","sticky":false,"template":"","format":"standard","meta":[],"categories":[49,53],"tags":[],"_links":{"self":[{"href":"https:\/\/www.cronacaonline.it\/index.php\/wp-json\/wp\/v2\/posts\/117150"}],"collection":[{"href":"https:\/\/www.cronacaonline.it\/index.php\/wp-json\/wp\/v2\/posts"}],"about":[{"href":"https:\/\/www.cronacaonline.it\/index.php\/wp-json\/wp\/v2\/types\/post"}],"author":[{"embeddable":true,"href":"https:\/\/www.cronacaonline.it\/index.php\/wp-json\/wp\/v2\/users\/2"}],"replies":[{"embeddable":true,"href":"https:\/\/www.cronacaonline.it\/index.php\/wp-json\/wp\/v2\/comments?post=117150"}],"version-history":[{"count":0,"href":"https:\/\/www.cronacaonline.it\/index.php\/wp-json\/wp\/v2\/posts\/117150\/revisions"}],"wp:featuredmedia":[{"embeddable":true,"href":"https:\/\/www.cronacaonline.it\/index.php\/wp-json\/"}],"wp:attachment":[{"href":"https:\/\/www.cronacaonline.it\/index.php\/wp-json\/wp\/v2\/media?parent=117150"}],"wp:term":[{"taxonomy":"category","embeddable":true,"href":"https:\/\/www.cronacaonline.it\/index.php\/wp-json\/wp\/v2\/categories?post=117150"},{"taxonomy":"post_tag","embeddable":true,"href":"https:\/\/www.cronacaonline.it\/index.php\/wp-json\/wp\/v2\/tags?post=117150"}],"curies":[{"name":"wp","href":"https:\/\/api.w.org\/{rel}","templated":true}]}}