{"id":117094,"date":"2015-09-30T10:53:29","date_gmt":"2015-09-30T08:53:29","guid":{"rendered":"http:\/\/www.cronacaonline.it\/public\/content\/?p=117094"},"modified":"2015-09-30T10:53:29","modified_gmt":"2015-09-30T08:53:29","slug":"ventimiglia-sgomberato-laccampamento-dei-migranti-dalla-scogliera","status":"publish","type":"post","link":"https:\/\/www.cronacaonline.it\/index.php\/2015\/09\/30\/ventimiglia-sgomberato-laccampamento-dei-migranti-dalla-scogliera\/","title":{"rendered":"Ventimiglia, sgomberato l\u2019accampamento dei migranti dalla scogliera"},"content":{"rendered":"<p>Ventimiglia, 30 Set 2015 - \u00c8 stato sgomberato all\u2019alba di oggi l\u2019accampamento di migranti e attivisti \"no border\" al confine tra l\u2019Italia e la Francia, a Ventimiglia. Erano circa un centinaio gli stranieri ancora accampati insieme a militanti dei centri sociali in un presidio durato circa cento giorni.<\/p>\n<p>Polizia e carabinieri sono intervenuti con circa 200 uomini e decine di blindati, circondando la tendopoli organizzata dagli attivisti italiani e francesi che ospitava gli immigrati, mentre la gendarmeria francese poco distante 'sigillava' il confine. Non ci sono stati episodi di resistenza o violenza. Una cinquantina tra migranti e attivisti, soprattutto francesi, si sono nuovamente rifugiati sugli scogli, guardati dagli agenti.<\/p>\n<p>\"Lo chiedevamo da tempo, troppi i disagi che causava\", il commento del sindaco di Ventimiglia Enrico Ioculano, che spiega: \"Devono spostarsi, dove andranno lo valuter\u00e0 la questura. Ma questa situazione non poteva pi\u00f9 andare avanti, capiamo le motivazione della loro protesta ma il campo era abusivo e ci vuole rispetto che \u00e8 stata accogliente e ospitale\".<\/p>\n<p>Per mediare con le forze dell'ordine gli attivisti hanno chiamato il vescovo di Ventimiglia, Antonio Suetta, da sempre loro sostenitore: \"Sta arrivando qui, ha gi\u00e0 contattato la Prefettura e gli hanno assicurato che non useranno la forza\", spiega un ragazzo.\u00a0Vescovo a sua volte investito dalle polemiche per aver donato duemila euro ai No Borders nel corso di un incontro chiesto dai giovani: \"L\u2019ho fatto per garantire ai migranti di mangiare\", ha reagito il sacerdote.<\/p>\n","protected":false},"excerpt":{"rendered":"<p>Ventimiglia, 30 Set 2015 &#8211; \u00c8 stato sgomberato all\u2019alba di oggi l\u2019accampamento di migranti e attivisti &#8220;no border&#8221; al confine tra l\u2019Italia e la Francia,&#8230;<\/p>\n","protected":false},"author":2,"featured_media":4459,"comment_status":"closed","ping_status":"closed","sticky":false,"template":"","format":"standard","meta":[],"categories":[49,51],"tags":[],"_links":{"self":[{"href":"https:\/\/www.cronacaonline.it\/index.php\/wp-json\/wp\/v2\/posts\/117094"}],"collection":[{"href":"https:\/\/www.cronacaonline.it\/index.php\/wp-json\/wp\/v2\/posts"}],"about":[{"href":"https:\/\/www.cronacaonline.it\/index.php\/wp-json\/wp\/v2\/types\/post"}],"author":[{"embeddable":true,"href":"https:\/\/www.cronacaonline.it\/index.php\/wp-json\/wp\/v2\/users\/2"}],"replies":[{"embeddable":true,"href":"https:\/\/www.cronacaonline.it\/index.php\/wp-json\/wp\/v2\/comments?post=117094"}],"version-history":[{"count":0,"href":"https:\/\/www.cronacaonline.it\/index.php\/wp-json\/wp\/v2\/posts\/117094\/revisions"}],"wp:featuredmedia":[{"embeddable":true,"href":"https:\/\/www.cronacaonline.it\/index.php\/wp-json\/wp\/v2\/media\/4459"}],"wp:attachment":[{"href":"https:\/\/www.cronacaonline.it\/index.php\/wp-json\/wp\/v2\/media?parent=117094"}],"wp:term":[{"taxonomy":"category","embeddable":true,"href":"https:\/\/www.cronacaonline.it\/index.php\/wp-json\/wp\/v2\/categories?post=117094"},{"taxonomy":"post_tag","embeddable":true,"href":"https:\/\/www.cronacaonline.it\/index.php\/wp-json\/wp\/v2\/tags?post=117094"}],"curies":[{"name":"wp","href":"https:\/\/api.w.org\/{rel}","templated":true}]}}