{"id":116992,"date":"2015-09-28T11:16:46","date_gmt":"2015-09-28T09:16:46","guid":{"rendered":"http:\/\/www.cronacaonline.it\/public\/content\/?p=116992"},"modified":"2015-09-28T11:16:46","modified_gmt":"2015-09-28T09:16:46","slug":"concordia-vocis-al-xxiv-festival-internazionale-di-musica-vocale-in-scena-nella-cappella-musicale-pietro-allori-iglesias-29-settembre-cattedrale-di-santa-chiara","status":"publish","type":"post","link":"https:\/\/www.cronacaonline.it\/index.php\/2015\/09\/28\/concordia-vocis-al-xxiv-festival-internazionale-di-musica-vocale-in-scena-nella-cappella-musicale-pietro-allori-iglesias-29-settembre-cattedrale-di-santa-chiara\/","title":{"rendered":"Concordia Vocis: Al XXIV Festival Internazionale di Musica Vocale in scena nella &#8220;Cappella Musicale Pietro Allori&#8221;. Iglesias, 29 settembre Cattedrale di Santa Chiara"},"content":{"rendered":"<p>Cagliari, 28 Set 2015 - Si avvia alle battute finale la XXIV edizione del Festival Internazionale Concordia Vocis. La kermesse organizzata dal Centro Universitario Musicale di Cagliari con la collaborazione del Coro Polifonico del C.U.M, vede in scena per il penultimo concerto dell'edizione 2015 la formazione iglesiente \"Cappella Musicale Pietro Allori\" diretta dal Maestro Mariano Garau.<\/p>\n<p>Il coro fondato nella citt\u00e0 mineraria nel 1995 e guidato dal celebre compositore Mariano Garau sar\u00e0 protagonista dell'appuntamento in programma marted\u00ec 29 settembre alle ore 21 alla Cattedrale di Santa Chiara a Iglesias<\/p>\n<p>Per l'occasione di questa nuova performance sul palcoscenico di Concordia Vocis, i padroni di casa della Cappella Allori sotto la regia sapiente della bacchetta di Mariano Garau, interpreteranno i mottetti e canti rinascimentali di ispirazione religiosa \"Ave Verum corpus\", \"Mass for three voices\", \"Kyrie-Gloria-Sanctus-Benedictus-Agnus Dei\" del compositore W. Byrd (1539-1623).<\/p>\n<p>Il suggestivo abbraccio con le melodie sacre del XVI secolo prosegue con lo spartito \"Sicut cervus - Sitivit anima mea\" composto dall\u2019illustre musicista del periodo rinascimentale, Giovanni Pierluigi da Palestrina e ancora \"O nata lux\" di T. Thallis (1505- 1585).<\/p>\n<p>L\u2019edizione 2015 di Concordia Vocis \u00e8 organizzata dal C.U.M. (Centro Universitario Musicale) con la collaborazione del Coro Polifonico del C.U.M e i contributi della Regione Sardegna e dei Comuni di Cagliari e Iglesias. Com<\/p>\n","protected":false},"excerpt":{"rendered":"<p>Cagliari, 28 Set 2015 &#8211; Si avvia alle battute finale la XXIV edizione del Festival Internazionale Concordia Vocis. La kermesse organizzata dal Centro Universitario Musicale&#8230;<\/p>\n","protected":false},"author":2,"featured_media":116993,"comment_status":"closed","ping_status":"closed","sticky":false,"template":"","format":"standard","meta":[],"categories":[49,54],"tags":[],"_links":{"self":[{"href":"https:\/\/www.cronacaonline.it\/index.php\/wp-json\/wp\/v2\/posts\/116992"}],"collection":[{"href":"https:\/\/www.cronacaonline.it\/index.php\/wp-json\/wp\/v2\/posts"}],"about":[{"href":"https:\/\/www.cronacaonline.it\/index.php\/wp-json\/wp\/v2\/types\/post"}],"author":[{"embeddable":true,"href":"https:\/\/www.cronacaonline.it\/index.php\/wp-json\/wp\/v2\/users\/2"}],"replies":[{"embeddable":true,"href":"https:\/\/www.cronacaonline.it\/index.php\/wp-json\/wp\/v2\/comments?post=116992"}],"version-history":[{"count":0,"href":"https:\/\/www.cronacaonline.it\/index.php\/wp-json\/wp\/v2\/posts\/116992\/revisions"}],"wp:featuredmedia":[{"embeddable":true,"href":"https:\/\/www.cronacaonline.it\/index.php\/wp-json\/"}],"wp:attachment":[{"href":"https:\/\/www.cronacaonline.it\/index.php\/wp-json\/wp\/v2\/media?parent=116992"}],"wp:term":[{"taxonomy":"category","embeddable":true,"href":"https:\/\/www.cronacaonline.it\/index.php\/wp-json\/wp\/v2\/categories?post=116992"},{"taxonomy":"post_tag","embeddable":true,"href":"https:\/\/www.cronacaonline.it\/index.php\/wp-json\/wp\/v2\/tags?post=116992"}],"curies":[{"name":"wp","href":"https:\/\/api.w.org\/{rel}","templated":true}]}}