{"id":116817,"date":"2015-09-24T18:53:43","date_gmt":"2015-09-24T16:53:43","guid":{"rendered":"http:\/\/www.cronacaonline.it\/public\/content\/?p=116817"},"modified":"2015-09-24T18:53:43","modified_gmt":"2015-09-24T16:53:43","slug":"fondi-europei-sardegna-promossa-per-il-fesr-dalla-commissione-ue","status":"publish","type":"post","link":"https:\/\/www.cronacaonline.it\/index.php\/2015\/09\/24\/fondi-europei-sardegna-promossa-per-il-fesr-dalla-commissione-ue\/","title":{"rendered":"Fondi europei, Sardegna promossa per il Fesr dalla commissione Ue."},"content":{"rendered":"<p>Cagliari, 24 Set 2015 - La Sardegna si appresta a spendere tutti i fondi europei della programmazione 2007-13 grazie alla rimodulazione proposta al Comitato di sorveglianza europeo del Por Fesr, che\u00a0oggi\u00a0per tutta la giornata ha passato al setaccio il lavoro portato avanti dalla Regione con i finanziamenti europei, esprimendo grande apprezzamento per la programmazione del Por Fesr 2014-2020. I vertici della Commissione Ue e dell'Agenzia Nazionale per la Coesione territoriale hanno incontrato l'assessore della Programmazione e del Bilancio Raffaele Paci, il direttore del Centro Regionale di Programmazione Gianluca Cadeddu, l'Autorit\u00e0 di gestione del Fesr Graziella Pisu e il partenariato istituzionale, economico e sociale, in un lungo confronto per analizzare la situazione rispetto ai fondi Ue.<\/p>\n<p>\"Vogliamo spendere fino all'ultimo euro della vecchia programmazione e perci\u00f2 abbiamo proposto una rimodulazione - spiega il vicepresidente della Regione - \u00c8 una scommessa difficile, perch\u00e9 purtroppo ci sono stati troppi ritardi negli anni precedenti e dunque dobbiamo fare una corsa contro il tempo per recuperare. Le strutture stanno facendo il massimo per riuscirci, ma c'\u00e8 bisogno della collaborazione di tutti, in particolare delle amministrazioni locali che sono destinatarie di gran parte delle risorse\". Per quanto riguarda poi la programmazione 2014-2020, promozione a pieni voti per la Sardegna. \"In particolare sono stati apprezzati la strategia intelligente S3, la Smart Specialization Strategy con una forte e mirata concentrazione delle risorse, e la Programmazione unitaria dei fondi, che ha portato all'approvazione di tre importanti strategie - Scuola e Universit\u00e0, Lavoro, Competitivit\u00e0 delle imprese - e alla nuova Programmazione territoriale. Due punti forti, considerati perfettamente in linea con le indicazioni comunitarie. Secondo i rappresentanti della Commissione Europea, quello utilizzato dalla Sardegna nella programmazione del Fesr approvata a luglio \u00e8 il metodo ideale - sottolinea l'assessore Paci -, perch\u00e9 la crescita delle Regioni verr\u00e0 valutata sulla base non di ogni singolo programma ma delle azioni messe insieme per lo sviluppo dell'intero territorio\".<\/p>\n<p>Il via libera al Por Fesr 14-20 da Bruxelles il 14 luglio scorso, in Sardegna arrivano 930 milioni di euro, 465 da finanziamenti europei e il resto da cofinanziamento regionale. Soldi che potranno essere utilizzati per garantire supporto alla ricerca e allo sviluppo di almeno 1576 imprese sarde, agevolare il credito e creare infrastrutture informatiche, sostenere il settore dell\u2019energia e lo sviluppo turistico. \u201cUna cifra importante che ci consentir\u00e0 di intervenire in settori nevralgici della nostra economia regionale. Ora dobbiamo correre, fare bene e non perdere tempo per spendere strategicamente i fondi europei con la visione unitaria e d'insieme che caratterizza il nuovo corso voluto fortemente da questa Giunta: pensare ai fondi europei come a una parte dei finanziamenti complessivamente disponibili, proprio quello che\u00a0oggi\u00a0\u00e8 stato profondamente apprezzato dalla Commissione\", dice l'assessore Paci.<\/p>\n<p>Il Fesr conta 35 linee di intervento e concentra le risorse sui settori pi\u00f9 strategici. Dei 930 milioni, 213 sono destinati alla competitivit\u00e0 del sistema economico, 164 alla valorizzazione turistica e culturale, 150 all\u2019efficienza energetica, 130 all\u2019agenda digitale, 128 a ricerca e innovazione, 55 ad ambiente e prevenzione del rischio idrogeologico, 51 a inclusione sociale e povert\u00e0.<\/p>\n<p>Alle 18 al Parco di Monte Claro la presentazione ufficiale del Por Fesr 14-20 con il talk show \"Buongiorno Europa\" a cui parteciperanno il presidente Francesco Pigliaru, l'assessore Paci e l'Autorit\u00e0 di gestione Pisu insieme ai componenti della Commissione europea e dell'Agenzia Nazionale. A seguire, alle 19.30, concerto jazz di Gavino Murgia &amp; Mediterranean Trio, ospite il maestro Luigi Lai. L'ingresso \u00e8 libero ed \u00e8 garantito un servizio di baby parking per tutta la durata dell'evento.<\/p>\n","protected":false},"excerpt":{"rendered":"<p>Cagliari, 24 Set 2015 &#8211; La Sardegna si appresta a spendere tutti i fondi europei della programmazione 2007-13 grazie alla rimodulazione proposta al Comitato di&#8230;<\/p>\n","protected":false},"author":2,"featured_media":28941,"comment_status":"closed","ping_status":"closed","sticky":false,"template":"","format":"standard","meta":[],"categories":[49,52],"tags":[],"_links":{"self":[{"href":"https:\/\/www.cronacaonline.it\/index.php\/wp-json\/wp\/v2\/posts\/116817"}],"collection":[{"href":"https:\/\/www.cronacaonline.it\/index.php\/wp-json\/wp\/v2\/posts"}],"about":[{"href":"https:\/\/www.cronacaonline.it\/index.php\/wp-json\/wp\/v2\/types\/post"}],"author":[{"embeddable":true,"href":"https:\/\/www.cronacaonline.it\/index.php\/wp-json\/wp\/v2\/users\/2"}],"replies":[{"embeddable":true,"href":"https:\/\/www.cronacaonline.it\/index.php\/wp-json\/wp\/v2\/comments?post=116817"}],"version-history":[{"count":0,"href":"https:\/\/www.cronacaonline.it\/index.php\/wp-json\/wp\/v2\/posts\/116817\/revisions"}],"wp:featuredmedia":[{"embeddable":true,"href":"https:\/\/www.cronacaonline.it\/index.php\/wp-json\/"}],"wp:attachment":[{"href":"https:\/\/www.cronacaonline.it\/index.php\/wp-json\/wp\/v2\/media?parent=116817"}],"wp:term":[{"taxonomy":"category","embeddable":true,"href":"https:\/\/www.cronacaonline.it\/index.php\/wp-json\/wp\/v2\/categories?post=116817"},{"taxonomy":"post_tag","embeddable":true,"href":"https:\/\/www.cronacaonline.it\/index.php\/wp-json\/wp\/v2\/tags?post=116817"}],"curies":[{"name":"wp","href":"https:\/\/api.w.org\/{rel}","templated":true}]}}