{"id":116715,"date":"2015-09-23T10:42:10","date_gmt":"2015-09-23T08:42:10","guid":{"rendered":"http:\/\/www.cronacaonline.it\/public\/content\/?p=116715"},"modified":"2015-09-23T10:42:10","modified_gmt":"2015-09-23T08:42:10","slug":"volare-meridiana-per-i-bambini-e-una-sorpresa-meravigliosa","status":"publish","type":"post","link":"https:\/\/www.cronacaonline.it\/index.php\/2015\/09\/23\/volare-meridiana-per-i-bambini-e-una-sorpresa-meravigliosa\/","title":{"rendered":"Volare Meridiana per i bambini \u00e8 una sorpresa meravigliosa"},"content":{"rendered":"<p>&nbsp;<\/p>\n<p>Olbia, 23 Set 2015 - Pubblicato sul canale youtube della compagnia, il nuovo video Meridiana mantiene il focus sul leisure e la famiglia e pensa ai bambini con un\u2019operazione originale e coinvolgente, avviata la scorsa estate e destinata a strizzare l\u2019occhio alle prossime festivit\u00e0 natalizie. Un video, on-air sul web e sui social network da oggi 23 settembre, racconta l\u2019operazione legata alla campagna lanciata questa primavera \u201cVi conviene portarli in vacanza\u201d grazie alla quale, questa estate, migliaia di bambini - accompagnati dai loro genitori - hanno volato pagando solo le tasse aeroportuali. Una sorpresa ha atteso i pi\u00f9 fortunati in arrivo ad Olbia Costa Smeralda con un volo Meridiana decollato da Milano Linate. Hanno infatti trovato in aeroporto ad attenderli un pacco regalo personalizzato, un modo per rendere ancora pi\u00f9 memorabile l\u2019emozione del volo e della vacanza.<\/p>\n<p>L\u2019iniziativa \u00e8 stata realizzata con il prezioso supporto di Geasar, la societ\u00e0 di gestione dell'aeroporto di Olbia. Il video \u00e8 prodotto in collaborazione con l\u2019agenzia Bcube, con la quale \u00e8 iniziata qualche mese fa un\u2019intensa attivit\u00e0 tesa a comunicare i servizi e i prodotti della Compagnia. Dalle campagne \u201cChi l\u2019ha detto che a Milano non c\u2019\u00e8 il Mare\u201d, all\u2019allestimento dell\u2019area d\u2019imbarco Meridiana presso l\u2019aeroporto di Linate, per passare poi dalla campagna sul New York Times dedicata al volo diretto New York \u2013 Napoli, si \u00e8 giunti oggi a presentare il nuovo lavoro realizzato per sorprendere i piccoli passeggeri Meridiana mentre ricevono, sorpresi, un regalo all\u2019arrivo del volo.<\/p>\n<p>L\u2019operazione lanciata oggi si inserisce nel percorso avviato con BCUBE ed \u00e8 perfettamente in linea con il payoff del brand Meridiana: \u201cQuesto si chiama volare\u201d, tatticamente modificato in questa occasione con \u201cQuesto si chiama sorprendere\u201d. Alla creativit\u00e0 hanno lavorato il Creative Supervisor Andrea Bomentre e l\u2019art Federico Bianchini con la Direzione Creativa di Andrea Stanich e Arturo Dodaro e la regia di Matteo Pianezzi. Com<\/p>\n<p>&nbsp;<\/p>\n","protected":false},"excerpt":{"rendered":"<p>&nbsp; Olbia, 23 Set 2015 &#8211; Pubblicato sul canale youtube della compagnia, il nuovo video Meridiana mantiene il focus sul leisure e la famiglia e&#8230;<\/p>\n","protected":false},"author":2,"featured_media":0,"comment_status":"closed","ping_status":"closed","sticky":false,"template":"","format":"standard","meta":[],"categories":[49,53],"tags":[],"_links":{"self":[{"href":"https:\/\/www.cronacaonline.it\/index.php\/wp-json\/wp\/v2\/posts\/116715"}],"collection":[{"href":"https:\/\/www.cronacaonline.it\/index.php\/wp-json\/wp\/v2\/posts"}],"about":[{"href":"https:\/\/www.cronacaonline.it\/index.php\/wp-json\/wp\/v2\/types\/post"}],"author":[{"embeddable":true,"href":"https:\/\/www.cronacaonline.it\/index.php\/wp-json\/wp\/v2\/users\/2"}],"replies":[{"embeddable":true,"href":"https:\/\/www.cronacaonline.it\/index.php\/wp-json\/wp\/v2\/comments?post=116715"}],"version-history":[{"count":0,"href":"https:\/\/www.cronacaonline.it\/index.php\/wp-json\/wp\/v2\/posts\/116715\/revisions"}],"wp:attachment":[{"href":"https:\/\/www.cronacaonline.it\/index.php\/wp-json\/wp\/v2\/media?parent=116715"}],"wp:term":[{"taxonomy":"category","embeddable":true,"href":"https:\/\/www.cronacaonline.it\/index.php\/wp-json\/wp\/v2\/categories?post=116715"},{"taxonomy":"post_tag","embeddable":true,"href":"https:\/\/www.cronacaonline.it\/index.php\/wp-json\/wp\/v2\/tags?post=116715"}],"curies":[{"name":"wp","href":"https:\/\/api.w.org\/{rel}","templated":true}]}}