{"id":116540,"date":"2015-09-20T10:17:39","date_gmt":"2015-09-20T08:17:39","guid":{"rendered":"http:\/\/www.cronacaonline.it\/public\/content\/?p=116540"},"modified":"2015-09-20T10:17:39","modified_gmt":"2015-09-20T08:17:39","slug":"papa-francesco-allavana-usa-cuba-esempio-di-pace-in-questa-terza-guerra-mondiale","status":"publish","type":"post","link":"https:\/\/www.cronacaonline.it\/index.php\/2015\/09\/20\/papa-francesco-allavana-usa-cuba-esempio-di-pace-in-questa-terza-guerra-mondiale\/","title":{"rendered":"Papa Francesco all&#8217;Avana: &#8220;Usa- Cuba esempio di pace in questa terza guerra mondiale&#8221;"},"content":{"rendered":"<p>L'Avana (Cuba), 20 Set 2015 - \"Il mondo \u00e8 assetato di pace\" ha detto Bergoglio arrivando all'Avana. Non\u00a0poteva non parlare di pace e riconciliazione il pontefice cui\u00a0Obama e Castro hanno riconosciuto il merito del disgelo. Il Papa \u00e8 atterrato a Cuba\u00a0pochi minuti prima delle 22 italiane, le 16 ora locale. \u00c8 iniziato cos\u00ec il suo decimo viaggio apostolico, che lo porter\u00e0 dopo Cuba anche negli Stati Uniti.\u00a0La normalizzazione dei rapporti\u00a0tra gli Stati Uniti e Cuba deve essere \"esempio di\u00a0riconciliazione per il mondo intero in questa terza guerra\u00a0mondiale\u00a0a pezzi che stiamo vivendo\"\u00a0ha detto.<\/p>\n<p>Le prime parole di Papa Francesco durante la cerimonia di benvenuto all'aeroporto dell'Avana sono state comunque per Fidel Castro, che secondo il portavoce Padre Lombardi forse incontrer\u00e0 oggi. Ha infatti chiesto al presidente cubano Raul Castro di trasmettere\u00a0i suoi \"sentimenti di speciale\u00a0considerazione e rispetto a suo fratello\". Poi il Papa ha ribadito il suo appello affinch\u00e9 si completi il percorso di normalizzazione con gli Usa\u00a0e ha incoraggiato \"i responsabili politici a\u00a0proseguire su questo cammino e a sviluppare tutte le\u00a0potenzialit\u00e0\", come servizio \"a favore della pace e del\u00a0benessere dei loro popoli, di tutta l'America, e come esempio di riconciliazione per il mondo intero\".<\/p>\n<p>Castro ha salutato il Pontefice. Il governo e del popolo cubano \"la accolgono con profondo affetto, rispetto e ospitalit\u00e0\" ha detto. \"L'embargo che provoca tante sofferenze alle famiglie cubane \u00e8 crudele, immorale e illegale e deve cessare\" ha detto ringraziando\u00a0il Pontefice per il suo ruolo nell'avvicinamento con gli Usa, e ha ricordato le questioni irrisolte come Guantanamo la cui restituzione Cuba chiede da tempo.<\/p>\n<p>Si tratta del terzo Pontefice che\u00a0visita l'isola caraibica. Prima di lui, a Cuba, erano andati Wojtyla\u00a0(nel gennaio 1998) e Benedetto XVI (nel marzo 2012). Il motto scelto per la visita \u00e8 'Misionero de la Misericordia', in riferimento al\u00a0Giubileo della Misericordia indetto da Bergoglio dal prossimo 8\u00a0dicembre.<\/p>\n<p>Poche ore prima dell'arrivo del Pontefice c'\u00e8 stato un colloquio telefonico tra il presidente americano, Barack Obama, e il presidente cubano, Raul Castro.\u00a0I due hanno parlato delle tappe dello storico disgelo tra i due Paesi e hanno elogiato il ruolo svolto dal Papa.\u00a0Il presidente americano ha inoltre sottolineato l'importanza della ripresa delle relazioni diplomatiche tra Usa e Cuba e la riapertura delle rispettive ambasciate, ha riferito la Casa Bianca, in un comunicato.<\/p>\n<p>Il viaggio\u00a0apostolico a Cuba e negli Stati Uniti sar\u00e0 il pi\u00f9 lungo\u00a0del pontificato, ma anche il pi\u00f9 denso e complesso dal punto di\u00a0vista dei contenuti, dei rapporti, delle questioni sul tappeto.\u00a0Ventisei i discorsi in programma: otto a Cuba e 18 negli Usa, di\u00a0cui solo quattro in inglese, il resto in spagnolo.\u00a0Complessivamente saranno 19.171 i km percorsi dal Papa in sette\u00a0voli.<\/p>\n<p>Oggi iniziano\u00a0gli impegni\u00a0ufficiali, con alle 9 (le 15 in Italia) la messa nella Plaza de\u00a0la Revolucion della capitale cubana. I dissidenti politici hanno chiesto al pontefice di perorare presso il presidente Raul Castro la causa della libert\u00e0 e dei diritti civili.<\/p>\n","protected":false},"excerpt":{"rendered":"<p>L&#8217;Avana (Cuba), 20 Set 2015 &#8211; &#8220;Il mondo \u00e8 assetato di pace&#8221; ha detto Bergoglio arrivando all&#8217;Avana. Non\u00a0poteva non parlare di pace e riconciliazione il&#8230;<\/p>\n","protected":false},"author":2,"featured_media":116541,"comment_status":"closed","ping_status":"closed","sticky":false,"template":"","format":"standard","meta":[],"categories":[49,50],"tags":[],"_links":{"self":[{"href":"https:\/\/www.cronacaonline.it\/index.php\/wp-json\/wp\/v2\/posts\/116540"}],"collection":[{"href":"https:\/\/www.cronacaonline.it\/index.php\/wp-json\/wp\/v2\/posts"}],"about":[{"href":"https:\/\/www.cronacaonline.it\/index.php\/wp-json\/wp\/v2\/types\/post"}],"author":[{"embeddable":true,"href":"https:\/\/www.cronacaonline.it\/index.php\/wp-json\/wp\/v2\/users\/2"}],"replies":[{"embeddable":true,"href":"https:\/\/www.cronacaonline.it\/index.php\/wp-json\/wp\/v2\/comments?post=116540"}],"version-history":[{"count":0,"href":"https:\/\/www.cronacaonline.it\/index.php\/wp-json\/wp\/v2\/posts\/116540\/revisions"}],"wp:featuredmedia":[{"embeddable":true,"href":"https:\/\/www.cronacaonline.it\/index.php\/wp-json\/"}],"wp:attachment":[{"href":"https:\/\/www.cronacaonline.it\/index.php\/wp-json\/wp\/v2\/media?parent=116540"}],"wp:term":[{"taxonomy":"category","embeddable":true,"href":"https:\/\/www.cronacaonline.it\/index.php\/wp-json\/wp\/v2\/categories?post=116540"},{"taxonomy":"post_tag","embeddable":true,"href":"https:\/\/www.cronacaonline.it\/index.php\/wp-json\/wp\/v2\/tags?post=116540"}],"curies":[{"name":"wp","href":"https:\/\/api.w.org\/{rel}","templated":true}]}}