{"id":115802,"date":"2015-09-09T07:23:45","date_gmt":"2015-09-09T05:23:45","guid":{"rendered":"http:\/\/www.cronacaonline.it\/public\/content\/?p=115802"},"modified":"2015-09-09T07:23:45","modified_gmt":"2015-09-09T05:23:45","slug":"al-santissima-trinita-di-cagliari-nel-reparto-di-ginecologia-e-ostetricia-e-nata-la-piccola-oumou-figlia-di-una-donna-di-22-anni-della-guinea-sbarcata-insieme-al-marito-nel-porto-di-cagliari-il-3","status":"publish","type":"post","link":"https:\/\/www.cronacaonline.it\/index.php\/2015\/09\/09\/al-santissima-trinita-di-cagliari-nel-reparto-di-ginecologia-e-ostetricia-e-nata-la-piccola-oumou-figlia-di-una-donna-di-22-anni-della-guinea-sbarcata-insieme-al-marito-nel-porto-di-cagliari-il-3\/","title":{"rendered":"Al Santissima Trinit\u00e0 di Cagliari, nel reparto di Ginecologia e Ostetricia, \u00e8 nata la piccola Oumou figlia di una donna di 22 anni della Guinea sbarcata, insieme al marito, nel porto di Cagliari il 3 settembre"},"content":{"rendered":"<p>Cagliari, 9 Set 2015 \u2013 Si chiama Oumou ed \u00e8 nata il 6 settembre, alle ore 14.21, nel reparto di Ginecologia e Ostetricia del SS. Trinit\u00e0. La piccola, che al momento della nascita pesava 2800 gr, \u00e8 figlia di una donna di 22 anni arrivata in gravidanza a termine nel porto di Cagliari il 3 settembre scorso. La donna era partita con il marito affidando l\u2019altra bambina di due anni alla nonna a Conakry, sua citt\u00e0 d\u2019origine, in Guinea.<\/p>\n<p>La donna, dopo essere stata salvata in mare aperto, \u00e8 stata accolta nel porto di Cagliari e visitata da una ginecologa dell'equipe organizzata dal Sevizio Promozione della Salute\u00a0della ASL di Cagliari e subito dopo accompagnata nel reparto di Ginecologia e ostetricia del SS. Trinit\u00e0 per il sospetto di rottura delle membrane. I medici del SS. Trinit\u00e0, dopo accurati accertamenti, hanno escluso la rottura delle membrane e programmato il taglio cesareo elettivo per domenica 6 settembre.<\/p>\n<p>\u201cLa scelta del taglio cesareo \u00e8 stata determinata dalla scarsit\u00e0 di informazioni sul pregresso parto \u2013 spiega Eleonora Coccollone, responsabile del reparto di Ginecologia del SS. Trinit\u00e0 -. Sapevamo infatti che era avvenuto mediante taglio cesareo due anni fa ma non avevamo informazioni dettagliate sulla tecnica chirurgica utilizzata. La nostra struttura promuove il parto spontaneo naturale ma, in questo caso, non avendo informazioni sull\u2019andamento della gravidanza e del parto precedente, era pi\u00f9 prudente procedere con un taglio cesareo\u201d.<\/p>\n<p>La mamma, che si esprime in lingua francese, ha riferito di un viaggio faticoso e difficile, durante il quale ha subito diversi traumi.<\/p>\n<p>Subito dopo il parto, la bimba \u00e8 stata messa in braccio alla mamma per permettere l\u2019allattamento precoce al seno e, per due giorni, \u00e8 rimasta in camera con la mamma.<\/p>\n<p>Ora le neonata esegue accertamenti presso il reparto di Neonatologia diretto dal Prof. Fanos, a causa di una lieve anemia legata alle condizioni materne nelle ultime settimane di gravidanza, ma le sue condizioni sono buone.<\/p>\n<p>La neomamma verr\u00e0 dimessa\u00a0oggi e torner\u00e0 al centro di accoglienza portando con s\u00e9 regali, vestiti e oggetti di prima necessit\u00e0, donati dagli infermieri e dai medici del reparto. Red<\/p>\n<p>&nbsp;<\/p>\n","protected":false},"excerpt":{"rendered":"<p>Cagliari, 9 Set 2015 \u2013 Si chiama Oumou ed \u00e8 nata il 6 settembre, alle ore 14.21, nel reparto di Ginecologia e Ostetricia del SS.&#8230;<\/p>\n","protected":false},"author":2,"featured_media":0,"comment_status":"closed","ping_status":"closed","sticky":false,"template":"","format":"standard","meta":[],"categories":[49,53],"tags":[],"_links":{"self":[{"href":"https:\/\/www.cronacaonline.it\/index.php\/wp-json\/wp\/v2\/posts\/115802"}],"collection":[{"href":"https:\/\/www.cronacaonline.it\/index.php\/wp-json\/wp\/v2\/posts"}],"about":[{"href":"https:\/\/www.cronacaonline.it\/index.php\/wp-json\/wp\/v2\/types\/post"}],"author":[{"embeddable":true,"href":"https:\/\/www.cronacaonline.it\/index.php\/wp-json\/wp\/v2\/users\/2"}],"replies":[{"embeddable":true,"href":"https:\/\/www.cronacaonline.it\/index.php\/wp-json\/wp\/v2\/comments?post=115802"}],"version-history":[{"count":0,"href":"https:\/\/www.cronacaonline.it\/index.php\/wp-json\/wp\/v2\/posts\/115802\/revisions"}],"wp:attachment":[{"href":"https:\/\/www.cronacaonline.it\/index.php\/wp-json\/wp\/v2\/media?parent=115802"}],"wp:term":[{"taxonomy":"category","embeddable":true,"href":"https:\/\/www.cronacaonline.it\/index.php\/wp-json\/wp\/v2\/categories?post=115802"},{"taxonomy":"post_tag","embeddable":true,"href":"https:\/\/www.cronacaonline.it\/index.php\/wp-json\/wp\/v2\/tags?post=115802"}],"curies":[{"name":"wp","href":"https:\/\/api.w.org\/{rel}","templated":true}]}}