{"id":114865,"date":"2015-01-19T17:20:52","date_gmt":"2015-01-19T16:20:52","guid":{"rendered":"http:\/\/www.cronacaonline.it\/public\/content\/index.php\/19\/01\/2015\/cooperazione-internazionale-pigliaru-sardegna-terza-regione-europea-per-progetti-con-i-paesi-dellarea-mediterranea"},"modified":"2015-01-19T17:20:52","modified_gmt":"2015-01-19T16:20:52","slug":"cooperazione-internazionale-pigliaru-sardegna-terza-regione-europea-per-progetti-con-i-paesi-dellarea-mediterranea","status":"publish","type":"post","link":"https:\/\/www.cronacaonline.it\/index.php\/2015\/01\/19\/cooperazione-internazionale-pigliaru-sardegna-terza-regione-europea-per-progetti-con-i-paesi-dellarea-mediterranea\/","title":{"rendered":"Cooperazione internazionale, Pigliaru: Sardegna terza regione europea per progetti con i paesi dell\u2019area mediterranea"},"content":{"rendered":"<p>\u201cLa Sardegna, per la sua posizione, \u00e8 al centro di un dialogo possibile tra la sponda nord e quella sud del Mediterraneo e si candida ad essere il luogo in cui questo dialogo si intensifica e porta nuovi frutti\u201d: \u00e8 uno dei passaggi dell\u2019intervento con il quale il presidente della Regione Francesco Pigliaru ha aperto il convegno \u201cLa nuova cooperazione internazionale\u201d, organizzato dal Coordinamento della cooperazione internazionale della Sardegna e dalla Regione nei locali della Fondazione del Banco di Sardegna a Cagliari.<\/p>\n<p>\u201cLa cooperazione internazionale \u00e8 un tema cruciale in questa fase storica \u2013 ha spiegato il presidente - L'apertura dei mercati favorisce l'aumento della ricchezza ma non si occupa certamente della sua distribuzione: la cooperazione internazionale serve per garantire il governo di questi meccanismi e il ruolo della politica \u00e8 quello di lavorare per includere, integrare, distribuire\u201d. Questo, ha continuato Pigliaru, \u201cera, dopo la guerra, il senso del Piano Marshall: non vincitori n\u00e9 vinti, ma tutti partecipi del proprio futuro. Lo sviluppo \u00e8 partecipazione consapevole e questo che affrontiamo oggi \u00e8 un grande tema sul quale non possiamo permetterci di balbettare\u201d.<\/p>\n<p>Entrando nel merito, il capo dell\u2019esecutivo regionale ha sottolineato l\u2019importanza dell\u2019approvazione, nell\u2019agosto scorso, di una nuova legge che ha portato a compimento un dibattito sulla cooperazione internazionale durato vent\u2019anni. Secondo il presidente Pigliaru, la nuova legge \u00e8 caratterizzata dalla caratterizzata dal rispetto dei criteri di efficienza, trasparenza e economicit\u00e0, attraverso una gestione delle risorse fondata sul coordinamento di tutti gli attori coinvolti nel quadro della cooperazione.<\/p>\n<p>Inoltre, l\u2019istituzione di nuovi organismi, come il Comitato interministeriale, il Consiglio Nazionale per la cooperazione allo sviluppo, l\u2019Agenzia, hanno la finalit\u00e0 di garantire la programmazione, il coordinamento e l\u2019efficienza operativa degli interventi. Tuttavia, ha sottolineato il capo della giunta, ora che si \u00e8 entrati nella fase di elaborazione dei decreti attuativi del testo, \u00e8 opportuno limare alcuni aspetti, come ad esempio un coinvolgimento maggiore delle Regioni. \u201cIn qualit\u00e0 di coordinatore delle Regioni per la materia della cooperazione allo sviluppo \u2013 ha detto il presidente Pigliaru - ho di recente scritto al ministro Gentiloni, chiedendogli di assicurare un\u2019adeguata partecipazione delle Regioni nei tavoli di lavoro per la predisposizione dei provvedimenti attuativi\u201d.<\/p>\n<p>In questi anni, infatti, le regioni hanno saputo svolgere un ruolo importante nei processi di cooperazione, che ha portato alla creazione di partenariati stabili, aiuti concreti, benefici economici e creazione di fiducia reciproca tra diverse realt\u00e0 territoriali. E proprio sotto quest\u2019ottica la Sardegna ha sicuramente dato il suo contributo: la nostra esperienza come Autorit\u00e0 di Gestione del Programma Enpi Cbc Med negli anni 2007-2013 \u00e8 stata pi\u00f9 che positiva (95 progetti finanziati), tanto che la Sardegna manterr\u00e0 questa funzione anche nel nuovo arco di programmazione 2014-2020, con la gestione di 200 milioni di fondi europei per nuovi progetti dedicati allo sviluppo socioeconomico e alle sfide della tutela ambientale e dello sviluppo sostenibile.<\/p>\n<p>\u201cStiamo dando il nostro contributo e penso che potremo candidarci per avere un ruolo pi\u00f9 importante nel futuro \u2013 ha concluso Francesco Pigliaru - In Europa siamo stati la terza Regione come progettualit\u00e0: questi progetti molto concreti portano sicuramente sviluppo e benefici nei territori coinvolti, ma hanno ricadute anche a livello locale, qui in Sardegna, grazie al coinvolgimento attivo delle universit\u00e0 e ai nuovi mercati internazionali che si aprono per le nostre imprese\u201d. Com<\/p>\n","protected":false},"excerpt":{"rendered":"<p>\u201cLa Sardegna, per la sua posizione, \u00e8 al centro di un dialogo possibile tra la sponda nord e quella sud del Mediterraneo e si candida&#8230;<\/p>\n","protected":false},"author":2,"featured_media":0,"comment_status":"closed","ping_status":"closed","sticky":false,"template":"","format":"standard","meta":[],"categories":[49],"tags":[],"_links":{"self":[{"href":"https:\/\/www.cronacaonline.it\/index.php\/wp-json\/wp\/v2\/posts\/114865"}],"collection":[{"href":"https:\/\/www.cronacaonline.it\/index.php\/wp-json\/wp\/v2\/posts"}],"about":[{"href":"https:\/\/www.cronacaonline.it\/index.php\/wp-json\/wp\/v2\/types\/post"}],"author":[{"embeddable":true,"href":"https:\/\/www.cronacaonline.it\/index.php\/wp-json\/wp\/v2\/users\/2"}],"replies":[{"embeddable":true,"href":"https:\/\/www.cronacaonline.it\/index.php\/wp-json\/wp\/v2\/comments?post=114865"}],"version-history":[{"count":0,"href":"https:\/\/www.cronacaonline.it\/index.php\/wp-json\/wp\/v2\/posts\/114865\/revisions"}],"wp:attachment":[{"href":"https:\/\/www.cronacaonline.it\/index.php\/wp-json\/wp\/v2\/media?parent=114865"}],"wp:term":[{"taxonomy":"category","embeddable":true,"href":"https:\/\/www.cronacaonline.it\/index.php\/wp-json\/wp\/v2\/categories?post=114865"},{"taxonomy":"post_tag","embeddable":true,"href":"https:\/\/www.cronacaonline.it\/index.php\/wp-json\/wp\/v2\/tags?post=114865"}],"curies":[{"name":"wp","href":"https:\/\/api.w.org\/{rel}","templated":true}]}}