{"id":114861,"date":"2015-01-19T17:20:52","date_gmt":"2015-01-19T16:20:52","guid":{"rendered":"http:\/\/www.cronacaonline.it\/public\/content\/index.php\/19\/01\/2015\/senatore-silvio-lai-pd-esprime-solidarieta-al-sindaco-di-bonorva-e-alla-giunta-per-il-gravissimo-intimidatorio-subito"},"modified":"2015-01-19T17:20:52","modified_gmt":"2015-01-19T16:20:52","slug":"senatore-silvio-lai-pd-esprime-solidarieta-al-sindaco-di-bonorva-e-alla-giunta-per-il-gravissimo-intimidatorio-subito","status":"publish","type":"post","link":"https:\/\/www.cronacaonline.it\/index.php\/2015\/01\/19\/senatore-silvio-lai-pd-esprime-solidarieta-al-sindaco-di-bonorva-e-alla-giunta-per-il-gravissimo-intimidatorio-subito\/","title":{"rendered":"Senatore Silvio Lai PD esprime solidariet\u00e0 al sindaco di Bonorva e alla giunta per il gravissimo intimidatorio subito"},"content":{"rendered":"<p>\u201cUn gesto gravissimo che non possiamo che condannare con la massima fermezza. Rivolgo all\u2019amico e compagno Gianmario Senes e alla sua giunta la mia pi\u00f9 totale solidariet\u00e0 per l\u2019atto intimidatorio subito. Non \u00e8 accettabile che chi si pone con onest\u00e0 al servizio dei cittadini e della propria comunit\u00e0 possa diventare bersaglio di attacchi di questo genere. <\/p>\n<p>Tutta la comunit\u00e0 sarda deve dimostrare la sua vicinanza nei confronti di un Sindaco che per la seconda volta si trova a dover subire gesti criminali. Mi auguro, conclude Lai, che le forze dell\u2019ordine facciano luce su questa vicenda per ridare la giusta serenit\u00e0 al Sindaco Senes, alla sua giunta e a tutta la comunit\u00e0 di Bonorva\u201d. <\/p>\n","protected":false},"excerpt":{"rendered":"<p>\u201cUn gesto gravissimo che non possiamo che condannare con la massima fermezza. Rivolgo all\u2019amico e compagno Gianmario Senes e alla sua giunta la mia pi\u00f9&#8230;<\/p>\n","protected":false},"author":2,"featured_media":0,"comment_status":"closed","ping_status":"closed","sticky":false,"template":"","format":"standard","meta":[],"categories":[49],"tags":[],"_links":{"self":[{"href":"https:\/\/www.cronacaonline.it\/index.php\/wp-json\/wp\/v2\/posts\/114861"}],"collection":[{"href":"https:\/\/www.cronacaonline.it\/index.php\/wp-json\/wp\/v2\/posts"}],"about":[{"href":"https:\/\/www.cronacaonline.it\/index.php\/wp-json\/wp\/v2\/types\/post"}],"author":[{"embeddable":true,"href":"https:\/\/www.cronacaonline.it\/index.php\/wp-json\/wp\/v2\/users\/2"}],"replies":[{"embeddable":true,"href":"https:\/\/www.cronacaonline.it\/index.php\/wp-json\/wp\/v2\/comments?post=114861"}],"version-history":[{"count":0,"href":"https:\/\/www.cronacaonline.it\/index.php\/wp-json\/wp\/v2\/posts\/114861\/revisions"}],"wp:attachment":[{"href":"https:\/\/www.cronacaonline.it\/index.php\/wp-json\/wp\/v2\/media?parent=114861"}],"wp:term":[{"taxonomy":"category","embeddable":true,"href":"https:\/\/www.cronacaonline.it\/index.php\/wp-json\/wp\/v2\/categories?post=114861"},{"taxonomy":"post_tag","embeddable":true,"href":"https:\/\/www.cronacaonline.it\/index.php\/wp-json\/wp\/v2\/tags?post=114861"}],"curies":[{"name":"wp","href":"https:\/\/api.w.org\/{rel}","templated":true}]}}