{"id":114837,"date":"2015-01-21T17:20:52","date_gmt":"2015-01-21T16:20:52","guid":{"rendered":"http:\/\/www.cronacaonline.it\/public\/content\/index.php\/21\/01\/2015\/meridiana---nuova-collezione-primavera-estate-2015-25-di-sconto-prenotazioni-entro-il-28-gennaio"},"modified":"2015-01-21T17:20:52","modified_gmt":"2015-01-21T16:20:52","slug":"meridiana-nuova-collezione-primavera-estate-2015-25-di-sconto-prenotazioni-entro-il-28-gennaio","status":"publish","type":"post","link":"https:\/\/www.cronacaonline.it\/index.php\/2015\/01\/21\/meridiana-nuova-collezione-primavera-estate-2015-25-di-sconto-prenotazioni-entro-il-28-gennaio\/","title":{"rendered":"Meridiana &#8211; Nuova collezione primavera-estate 2015 25% di sconto prenotazioni entro il 28 gennaio"},"content":{"rendered":"<p>Meridiana debutta con la sua collezione di voli Primavera-Estate 2015 e lo fa con una promozione imperdibile: tutti i voli nazionali ed internazionali operati dal 16 Febbraio al 30 settembre 2015 saranno scontati del 25% prenotando entro la mezzanotte di mercoled\u00ec 28 Gennaio.<\/p>\n<p>Il lancio odierno della collezione Primavera-Estate 2015 di Meridiana e la promozione del 25% di Meridiana sono un\u2019occasione unica per pianificare i propri viaggi di lavoro, i weekend di relax, le vacanze, risparmiando subito il 25% della tariffa (escluse tasse aeroportuali e supplementi).<\/p>\n<p>Andrea Andorno, Chief Commercial Officer di Meridiana, ha commentato il lancio di questa iniziativa commerciale: \u201cLe compagnie aeree non si occupano di moda, ma abbiamo voluto comunque legare il concetto di \u201ccollezione primavera-estate 2015\u201d al nostro nuovo network estivo, perch\u00e9 le destinazioni che serviamo da oltre 50 anni sono sempre di moda, attualissime nella loro capacit\u00e0 di essere classiche mete di vacanza in continua evoluzione. Il network lanciato oggi, oltre a raggiungere destinazioni come New York, Londra, Parigi e Madrid, permetter\u00e0 ai nostri ospiti di raggiungere facilmente da Milano Linate e non solo la Costa Smeralda, le magnifiche localit\u00e0 da Nord a Sud della Sardegna, la Costiera Amalfitana, Capri, Ibiza, Formentera, Mykonos e tante altre mete da sogno.\u201d.<\/p>\n<p>Accedere alla promozione del 25% di sconto Meridiana \u00e8 semplice, basta prenotare entro la mezzanotte di mercoled\u00ec 28 gennaio 2015 direttamente su meridiana.com o presso la propria agenzia di viaggio di fiducia. La promozione permette di volare da met\u00e0 febbraio 2015 a fine settembre 2015 su tutto il network di Meridiana, sia nazionale, sia internazionale, approfittando dei nuovi voli in vendita da oggi per la prossima estate.<br \/>Bastano pochi click, il bagaglio a mano e il bagaglio in stiva sono sempre inclusi nella tariffa, \u00e8 sono necessario non perdere l\u2019occasione di prenotare entro il 28 gennaio.<\/p>\n<p>Network Meridiana primavera estate 2015.<\/p>\n<p>Network Sardegna \u2013 1,2 milioni di posti offerti - Meridiana si conferma leader da e per la Sardegna con oltre 1,2 milioni di posti offerti per la prossima primavera-estate. Sono, infatti, confermate tutte le tratte nazionali verso l\u2019isola grazie ai voli che collegheranno dal 1\u00b0 giugno 2015 Olbia Costa Smeralda e Venezia, Torino, Bergamo, Milano Malpensa, Firenze, Genova, Napoli, Bari e Catania. Olbia \u00e8 inoltre collegata tutto l\u2019anno con Milano Linate, Roma, Bologna e Verona. Per quanto riguarda le linee internazionali, la Compagnia conferma l\u2019avvio dal 1\u00b0 giugno 2015 dei voli diretti fra Londra, Parigi, Mosca e Nizza e il Costa Smeralda.Per maggiori informazioni: <a href=\"mailto:press@meridiana.com\">press@meridiana.com<\/a> meridiana.com<\/p>\n<p>Per quanto riguarda Cagliari, dal prossimo 16 maggio sar\u00e0 attivo un volo no-stop con Milano Malpensa, che si aggiunge ai voli annuali per Napoli, Bologna, Torino e Verona. Cagliari sar\u00e0 ancora pi\u00f9 internazionale grazie anche al nuovo volo diretto per l\u2019aeroporto di Parigi Charles de Gaulle (tutti i gioved\u00ec dal prossimo 4 giugno).<\/p>\n<p>Network Napoli - Anche per la stagione estiva 2015, Meridiana conferma la duplice strategia sullo scalo partenopeo orientata sia a servire la clientela napoletana e del sud Italia per viaggi d\u2019affari e di piacere, sia a far conoscere ai clienti internazionali le bellezze naturali e culturali che la Campania offre.<\/p>\n<p>La prima novit\u00e0 di questa estate \u00e8 l\u2019avvio anticipato al 1\u00b0 Aprile 2015 del volo no-stop fra Napoli e New York. Grazie a questo collegamento diretto si potr\u00e0 programmare un soggiorno durante le vacanze di Pasqua nella Grande Mela e, prenotando entro il 28 gennaio, il prezzo sar\u00e0 ancora pi\u00f9 conveniente.<\/p>\n<p>La Compagnia conferma inoltre i voli internazionali fra Napoli e Londra, Madrid, Atene, Leopoli e Mosca. Per quanto riguarda i voli nazionali da e per Napoli, il network prevede Milano Linate, Milano Malpensa, Torino, Verona, Cagliari, Genova e Catania. Dal 1\u00b0 giugno sar\u00e0 operativo anche il volo giornaliero per Olbia e per tutto il mese di agosto sar\u00e0 possibile volare direttamente da Capodichino a Ibiza (tutti i mercoled\u00ec), Mykonos (tutti i gioved\u00ec), Rodi (tutti i gioved\u00ec) e Santorini (tutti i gioved\u00ec).<\/p>\n<p>Network estate \u2013 Baleari, Grecia, Canarie e intercontinentale - Prima su tutte Ibiza. L\u2019Isola delle Baleari e la sua vicina Formentera, oltre al collegamento da Napoli, saranno collegate con un nuovissimo ed esclusivo volo diretto da Milano Linate a partire dal prossimo 1\u00b0 giugno 2015 con 3 frequenze settimanali (luned\u00ec, venerd\u00ec e domenica) che passeranno dal 28 luglio a 6 frequenze settimanali (tutti i giorni tranne il sabato).<\/p>\n<p>Sempre da Milano Linate ci saranno poi due nuovi collegamenti di linea per Mykonos (tutte le domeniche dal 7 giugno al 6 settembre), per Lampedusa (tutti i sabati dal 6 giugno al 5 settembre), per Rodi (tutti i sabati dal 6 giugno al 26 settembre) e Patrasso (tutti i venerd\u00ec dal 19 giugno al 18 settembre).<\/p>\n<p>Da Milano Malpensa ci saranno poi collegamenti diretti a partire dal prossimo giugno per le meravigliose isole di Santorini (marted\u00ec, gioved\u00ec e venerd\u00ec), Rodi (gioved\u00ec e sabato), Mykonos (marted\u00ec, gioved\u00ec e venerd\u00ec), Ibiza (domenica), Minorca (mercoled\u00ec e domenica) e Palma de<br \/>Maiorca (mercoled\u00ec).<\/p>\n<p>Sono infine confermati i voli diretti settimanali gi\u00e0 operati durante l\u2019inverno sia da Roma Fiumicino che Milano Malpensa per le Canarie (Tenerife e Fuerte Ventura), Mombasa, Zanzibar e la Repubblica Dominicana (La Romana) e da Milano Malpensa per Sharm El Sheik (tutti i marted\u00ec, gioved\u00ec e domenica), Dakar (tutti i luned\u00ec e mercoled\u00ec) e Fortaleza (tutti i luned\u00ec). Com<\/p>\n","protected":false},"excerpt":{"rendered":"<p>Meridiana debutta con la sua collezione di voli Primavera-Estate 2015 e lo fa con una promozione imperdibile: tutti i voli nazionali ed internazionali operati dal&#8230;<\/p>\n","protected":false},"author":2,"featured_media":0,"comment_status":"closed","ping_status":"closed","sticky":false,"template":"","format":"standard","meta":[],"categories":[49],"tags":[],"_links":{"self":[{"href":"https:\/\/www.cronacaonline.it\/index.php\/wp-json\/wp\/v2\/posts\/114837"}],"collection":[{"href":"https:\/\/www.cronacaonline.it\/index.php\/wp-json\/wp\/v2\/posts"}],"about":[{"href":"https:\/\/www.cronacaonline.it\/index.php\/wp-json\/wp\/v2\/types\/post"}],"author":[{"embeddable":true,"href":"https:\/\/www.cronacaonline.it\/index.php\/wp-json\/wp\/v2\/users\/2"}],"replies":[{"embeddable":true,"href":"https:\/\/www.cronacaonline.it\/index.php\/wp-json\/wp\/v2\/comments?post=114837"}],"version-history":[{"count":0,"href":"https:\/\/www.cronacaonline.it\/index.php\/wp-json\/wp\/v2\/posts\/114837\/revisions"}],"wp:attachment":[{"href":"https:\/\/www.cronacaonline.it\/index.php\/wp-json\/wp\/v2\/media?parent=114837"}],"wp:term":[{"taxonomy":"category","embeddable":true,"href":"https:\/\/www.cronacaonline.it\/index.php\/wp-json\/wp\/v2\/categories?post=114837"},{"taxonomy":"post_tag","embeddable":true,"href":"https:\/\/www.cronacaonline.it\/index.php\/wp-json\/wp\/v2\/tags?post=114837"}],"curies":[{"name":"wp","href":"https:\/\/api.w.org\/{rel}","templated":true}]}}