{"id":114688,"date":"2015-01-31T17:20:52","date_gmt":"2015-01-31T16:20:52","guid":{"rendered":"http:\/\/www.cronacaonline.it\/public\/content\/index.php\/31\/01\/2015\/arrestato-dai-carabinieri-pregiudicato-di-villasimius-per-tentato-furto-aggravato-e-resistenza-a-pu"},"modified":"2015-01-31T17:20:52","modified_gmt":"2015-01-31T16:20:52","slug":"arrestato-dai-carabinieri-pregiudicato-di-villasimius-per-tentato-furto-aggravato-e-resistenza-a-pu","status":"publish","type":"post","link":"https:\/\/www.cronacaonline.it\/index.php\/2015\/01\/31\/arrestato-dai-carabinieri-pregiudicato-di-villasimius-per-tentato-furto-aggravato-e-resistenza-a-pu\/","title":{"rendered":"Arrestato dai carabinieri pregiudicato di Villasimius per tentato furto aggravato e resistenza a P.U."},"content":{"rendered":"<p>Nelle prime di questa mattina, i carabinieri della Stazione di Villasimius, hanno arrestato Gianluca Marini, di 37 anni, del paese, per i reati di tentato furto aggravato in abitazione e resistenza a P.U.<\/p>\n<p>Il pregiudicato \u00e8 stato sorpreso mentre tentava di forzare la porta di ingresso dell\u2019abitazione di O.G.B. 66enne di Villasimius e per assicurarsi la fuga, ha opposto resistenza ai militari ma \u00e8 stato immediatamente bloccato e arrestato<\/p>\n<p>L\u2019uomo quindi \u00e8 stato portato in caserma e dopo le formalit\u00e0 di legge \u00e8 stato trattenuto in attesa del rito direttissimo previsto per oggi presso il Tribunale di Cagliari.<\/p>\n","protected":false},"excerpt":{"rendered":"<p>Nelle prime di questa mattina, i carabinieri della Stazione di Villasimius, hanno arrestato Gianluca Marini, di 37 anni, del paese, per i reati di tentato&#8230;<\/p>\n","protected":false},"author":2,"featured_media":0,"comment_status":"closed","ping_status":"closed","sticky":false,"template":"","format":"standard","meta":[],"categories":[49],"tags":[],"_links":{"self":[{"href":"https:\/\/www.cronacaonline.it\/index.php\/wp-json\/wp\/v2\/posts\/114688"}],"collection":[{"href":"https:\/\/www.cronacaonline.it\/index.php\/wp-json\/wp\/v2\/posts"}],"about":[{"href":"https:\/\/www.cronacaonline.it\/index.php\/wp-json\/wp\/v2\/types\/post"}],"author":[{"embeddable":true,"href":"https:\/\/www.cronacaonline.it\/index.php\/wp-json\/wp\/v2\/users\/2"}],"replies":[{"embeddable":true,"href":"https:\/\/www.cronacaonline.it\/index.php\/wp-json\/wp\/v2\/comments?post=114688"}],"version-history":[{"count":0,"href":"https:\/\/www.cronacaonline.it\/index.php\/wp-json\/wp\/v2\/posts\/114688\/revisions"}],"wp:attachment":[{"href":"https:\/\/www.cronacaonline.it\/index.php\/wp-json\/wp\/v2\/media?parent=114688"}],"wp:term":[{"taxonomy":"category","embeddable":true,"href":"https:\/\/www.cronacaonline.it\/index.php\/wp-json\/wp\/v2\/categories?post=114688"},{"taxonomy":"post_tag","embeddable":true,"href":"https:\/\/www.cronacaonline.it\/index.php\/wp-json\/wp\/v2\/tags?post=114688"}],"curies":[{"name":"wp","href":"https:\/\/api.w.org\/{rel}","templated":true}]}}