{"id":114653,"date":"2015-02-03T17:20:52","date_gmt":"2015-02-03T16:20:52","guid":{"rendered":"http:\/\/www.cronacaonline.it\/public\/content\/index.php\/03\/02\/2015\/programmazione-territoriale-e-fondi-europei-la-giunta-a-confronto-con-anci-e-cal"},"modified":"2015-02-03T17:20:52","modified_gmt":"2015-02-03T16:20:52","slug":"programmazione-territoriale-e-fondi-europei-la-giunta-a-confronto-con-anci-e-cal","status":"publish","type":"post","link":"https:\/\/www.cronacaonline.it\/index.php\/2015\/02\/03\/programmazione-territoriale-e-fondi-europei-la-giunta-a-confronto-con-anci-e-cal\/","title":{"rendered":"Programmazione territoriale e fondi europei, la giunta a confronto con Anci e Cal"},"content":{"rendered":"<p>Programmazione territoriale, programmazione unitaria e fondi comunitari: gli assessori della Programmazione e del Bilancio Raffaele Paci e degli Enti Locali Cristiano Erriu si sono confrontati oggi con i presidenti di Anci e Cal, Pier Sandro Scano e Giuseppe Casti, insieme a Gianluca Cadeddu e Graziella Pisu del Centro Regionale di Programmazione.<\/p>\n<p>Per quanto riguarda la programmazione territoriale, Anci, Cal Sardegna e tutto il partenariato socio-economico regionale saranno regolarmente coinvolti nel dialogo istituzionale con i territori, ed \u00e8 stata ipotizzata la possibilit\u00e0 di dare continuit\u00e0 a progetti locali gi\u00e0 presentati in passato finora rimasti senza copertura finanziaria, purch\u00e9 coerenti con la nuova strategia regionale. \"Sulla programmazione unitaria, abbiamo ribadito l'intenzione della Giunta - peraltro gi\u00e0 inserita nella legge finanziaria - di istituire una cabina di regia con tutte le autorit\u00e0 di gestione degli strumenti finanziari della programmazione unitaria 14-20, in modo da garantire il miglior coordinamento possibile ed evitare cos\u00ec che ciascun fondo vada per conto suo\", spiega l'assessore Paci. Infine, i fondi comunitari: il direttore del Crp Cadeddu ha spiegato che si sta intervenendo sul documento Po Fesr 2014-2020 sul quale la Commissione Europea ha espresso le sue osservazioni, per migliorare il documento nel suo complesso e in particolare sul Piano di rafforzamento amministrativo.<\/p>\n<p>Questi incontri sono per noi importanti per individuare insieme al partenariato istituzionale e sociale un metodo che porti a una strategia condivisa nell'azione di governo sul territorio\", sottolinea il vicepresidente della Regione.<\/p>\n<p>\"Abbiamo espresso forte apprezzamento per il metodo imboccato - dicono Scano e Casti - Era appunto la nostra proposta che il confronto avvenga prima delle decisioni e non a cose fatte. Sulla programmazione territoriale abbiamo sottolineato due punti: il primo che i territori abbiano il medesimo accesso agli strumenti e alle risorse con parit\u00e0 di opportunit\u00e0.<\/p>\n<p>Secondo, che la programmazione avvenga attraverso procedure trasparenti e processi di valutazione ancorati a criteri oggettivi e non determinati dalla volont\u00e0 politica\". Per quanto invece riguarda il confronto sui fondi europei, i presidenti di Anci e Cal dicono di aver \"manifestato la preoccupazione del sistema delle autonomie locali per i ritardi accumulati e soprattutto per la severit\u00e0 delle osservazioni rivolte al nostro Fesr dalla commissione europea. Va straordinariamente rafforzata la capacit\u00e0 di programmazione, attuazione e gestione. Da ultimo - concludono - abbiamo sottolineato la necessit\u00e0 di un coinvolgimento effettivo del partenariato istituzionale e socio-economico\".&nbsp; <\/p>\n","protected":false},"excerpt":{"rendered":"<p>Programmazione territoriale, programmazione unitaria e fondi comunitari: gli assessori della Programmazione e del Bilancio Raffaele Paci e degli Enti Locali Cristiano Erriu si sono confrontati&#8230;<\/p>\n","protected":false},"author":2,"featured_media":0,"comment_status":"closed","ping_status":"closed","sticky":false,"template":"","format":"standard","meta":[],"categories":[49],"tags":[],"_links":{"self":[{"href":"https:\/\/www.cronacaonline.it\/index.php\/wp-json\/wp\/v2\/posts\/114653"}],"collection":[{"href":"https:\/\/www.cronacaonline.it\/index.php\/wp-json\/wp\/v2\/posts"}],"about":[{"href":"https:\/\/www.cronacaonline.it\/index.php\/wp-json\/wp\/v2\/types\/post"}],"author":[{"embeddable":true,"href":"https:\/\/www.cronacaonline.it\/index.php\/wp-json\/wp\/v2\/users\/2"}],"replies":[{"embeddable":true,"href":"https:\/\/www.cronacaonline.it\/index.php\/wp-json\/wp\/v2\/comments?post=114653"}],"version-history":[{"count":0,"href":"https:\/\/www.cronacaonline.it\/index.php\/wp-json\/wp\/v2\/posts\/114653\/revisions"}],"wp:attachment":[{"href":"https:\/\/www.cronacaonline.it\/index.php\/wp-json\/wp\/v2\/media?parent=114653"}],"wp:term":[{"taxonomy":"category","embeddable":true,"href":"https:\/\/www.cronacaonline.it\/index.php\/wp-json\/wp\/v2\/categories?post=114653"},{"taxonomy":"post_tag","embeddable":true,"href":"https:\/\/www.cronacaonline.it\/index.php\/wp-json\/wp\/v2\/tags?post=114653"}],"curies":[{"name":"wp","href":"https:\/\/api.w.org\/{rel}","templated":true}]}}