{"id":114650,"date":"2015-02-03T17:20:52","date_gmt":"2015-02-03T16:20:52","guid":{"rendered":"http:\/\/www.cronacaonline.it\/public\/content\/index.php\/03\/02\/2015\/quirinale-2015-il-giorno-del-giuramento-di-mattarella"},"modified":"2015-02-03T17:20:52","modified_gmt":"2015-02-03T16:20:52","slug":"quirinale-2015-il-giorno-del-giuramento-di-mattarella","status":"publish","type":"post","link":"https:\/\/www.cronacaonline.it\/index.php\/2015\/02\/03\/quirinale-2015-il-giorno-del-giuramento-di-mattarella\/","title":{"rendered":"Quirinale 2015: Il giorno del giuramento di Mattarella."},"content":{"rendered":"<p>Il neo presidente della Repubblica, Sergio Mattarella, alle ore 9,30 ha lasciato la sua residenza della Consulta uscendo dalla sua abitazione nelle foresterie e si \u00e8 diretto a Montecitorio per pronunciare il giuramento. Mattarella era a bordo della sua panda grigia nel sedile accanto al guidatore e ha fatto un breve cenno di saluto rivolto alle tv.<\/p>\n<p>Beppe Grillo non andr\u00e0 al colle ma invia a Sergio Mattarella una \"lettera aperta\" per fargli gli auguri per il prossimo settennato. \"Caro presidente della repubblica italiana Sergio Mattarella\", \u00e8 l'incipit della lettera in cui il leader m5s gli augura di tutelare la costituzione, non firmare leggi incostituzionali, proteggere i cittadini pi\u00f9 deboli ma anche \"essere ricordato a fine mandato con la stima e l'entusiasmo della sua elezione\". Inoltre, Grillo gli chiede anche un incontro per parlare di reddito di cittadinanza.<\/p>\n<p>\"La cultura cattolico democratica, liberal democratica, si \u00e8 dimostrata pi\u00f9 fresca, pi\u00f9 rispondente ai problemi di oggi. E vincente. Laddove la cultura classica della sinistra avrebbe bisogno di una rivisitazione, come minimo.<\/p>\n<p>La vitalit\u00e0 di questa nostra storia e tradizione mi inorgoglisce\". Intervistato dal messaggero, l'ex presidente del Senato Franco Marini commenta cos\u00ec l'elezione a capo dello stato di Sergio Mattarella. \"Per me \u00e8 come se fosse stato eletto Piersanti. \u00c8 la vittoria morale del senso politico che ha avuto l'impegno di Piersanti. Ovviamente questo non toglie nulla ai meriti di Sergio\". Lo dice l'ex ministro Calogero Mannino in un'intervista al tempo in cui parla del congresso dc ad Agrigento del 1983 dal quale, insieme fra gli altri al fratello del nuovo capo dello stato, Piersanti Mattarella, mise fuori Vito Ciancimino. \"Sergio si deve guardare dai politici. \u00c8 un uomo di profondissima cultura, cosa non comune fra gli uomini politici italiani. Non mi permetterei di dargli consigli tranne uno: continui a fare quello che ha fatto finora\". <\/p>\n","protected":false},"excerpt":{"rendered":"<p>Il neo presidente della Repubblica, Sergio Mattarella, alle ore 9,30 ha lasciato la sua residenza della Consulta uscendo dalla sua abitazione nelle foresterie e si&#8230;<\/p>\n","protected":false},"author":2,"featured_media":0,"comment_status":"closed","ping_status":"closed","sticky":false,"template":"","format":"standard","meta":[],"categories":[49],"tags":[],"_links":{"self":[{"href":"https:\/\/www.cronacaonline.it\/index.php\/wp-json\/wp\/v2\/posts\/114650"}],"collection":[{"href":"https:\/\/www.cronacaonline.it\/index.php\/wp-json\/wp\/v2\/posts"}],"about":[{"href":"https:\/\/www.cronacaonline.it\/index.php\/wp-json\/wp\/v2\/types\/post"}],"author":[{"embeddable":true,"href":"https:\/\/www.cronacaonline.it\/index.php\/wp-json\/wp\/v2\/users\/2"}],"replies":[{"embeddable":true,"href":"https:\/\/www.cronacaonline.it\/index.php\/wp-json\/wp\/v2\/comments?post=114650"}],"version-history":[{"count":0,"href":"https:\/\/www.cronacaonline.it\/index.php\/wp-json\/wp\/v2\/posts\/114650\/revisions"}],"wp:attachment":[{"href":"https:\/\/www.cronacaonline.it\/index.php\/wp-json\/wp\/v2\/media?parent=114650"}],"wp:term":[{"taxonomy":"category","embeddable":true,"href":"https:\/\/www.cronacaonline.it\/index.php\/wp-json\/wp\/v2\/categories?post=114650"},{"taxonomy":"post_tag","embeddable":true,"href":"https:\/\/www.cronacaonline.it\/index.php\/wp-json\/wp\/v2\/tags?post=114650"}],"curies":[{"name":"wp","href":"https:\/\/api.w.org\/{rel}","templated":true}]}}