{"id":114630,"date":"2015-02-03T17:20:52","date_gmt":"2015-02-03T16:20:52","guid":{"rendered":"http:\/\/www.cronacaonline.it\/public\/content\/index.php\/03\/02\/2015\/gruppo-pd-le-poste-italiane-recapitano-il-pacco-anche-in-sardegna"},"modified":"2015-02-03T17:20:52","modified_gmt":"2015-02-03T16:20:52","slug":"gruppo-pd-le-poste-italiane-recapitano-il-pacco-anche-in-sardegna","status":"publish","type":"post","link":"https:\/\/www.cronacaonline.it\/index.php\/2015\/02\/03\/gruppo-pd-le-poste-italiane-recapitano-il-pacco-anche-in-sardegna\/","title":{"rendered":"Gruppo Pd: Le Poste Italiane recapitano \u201cil pacco\u201d anche in Sardegna."},"content":{"rendered":"<p>Le nuove razionalizzazioni tracciate nel piano d\u2019impresa \u201cPoste 2020\u201d, relativo al quinquennio 2015\/2019, colpiscono anche la Sardegna, lo comunicano i vertici dell\u2019azienda di Poste Italiane.<\/p>\n<p>Il Capo gruppo Pietro Cocco e gli esponenti del Gruppo PD in Consiglio Regionale sono i promotori di un\u2019interrogazione, rivolta all\u2019esecutivo Regionale, dove si precisa che i comuni di Cagliari, Cortoghiana, Turri, Genuri, Tuili, Pauli Arbarei, Nurallao, Borutta, Esporlatu, Ozieri, Nugheddu San Nicol\u00f2, Cheremule, Ardara e Romana, saranno interessati al piano di ridimensionamento previsto da Poste Italiane, che prevede la chiusura di alcuni uffici postali e la razionalizzazione dell\u2019orario di lavoro previsti ipotizzando un\u2019apertura part-time.<\/p>\n<p>Tutt\u2019oggi esistono serie difficolt\u00e0 sia per i tempi di attesa agli sportelli che nella consegna delle lettere con ritardi che, in alcune realt\u00e0, superano i 20 giorni con gravissimi problemi, specie per ci\u00f2 che attiene la consegne di bollettini, fatture etc\u2026 \u201critardi che generano ritardi\u201d con conseguenti possibili penali, senza considerare il fatto che in alcuni casi si sono persi anche dei finanziamenti per via della lentezza nelle comunicazioni.<br \/>Doveroso ricordare, che gli uffici interessati dal piano di ridimensionamento risultano spesso situati in posizioni territoriali irrinunciabili e, precedentemente la materia \u00e8 gi\u00e0 stata oggetto di pronunce giudiziali dai Tribunali ed in qualche caso del \u201cConsiglio di Stato\u201d sulla base dei ricorsi presentati dai Sindaci dei Comuni che erano stati colpiti dalla chiusura del loro ufficio postale, in alcune sentenze si legge che: la soppressione di un ufficio postale in un Comune rappresenta comunque un danno alla collettivit\u00e0 poich\u00e9 incide nell\u2019offerta dei servizi a danno dei cittadini coinvolti, soprattutto qualora non siano rispettati adeguati parametri di vicinanza con gli uffici postali contigui raggiungibili con un mezzo di trasporto pubblico.<\/p>\n<p>Persino la Comunit\u00e0 Europea, con la direttiva 2008\/6\/CE detta degli indirizzi chiari e inequivocabili sull\u2019importanza del servizio postale universale sottolineando al punto 19 che: \u201cle reti rurali, in particolare nelle regioni montuose e insulari, svolgono un ruolo importante al fine di integrare gli operatori economici nell\u2019economia nazionale\/globale, e al fine di mantenere la coesione sociale e salvaguardare l\u2019occupazione\u201d e riconosce che \u201ci punti di accesso ai servizi postali nelle regioni rurali e remote possono inoltre costruire un\u2019importante rete infrastrutturale ai fine dell\u2019accesso universale ai nuovi servizi di comunicazione elettronica\u201d.<\/p>\n<p>Al Presidente dell\u2019esecutivo si chiede, all\u2019interno dei rapporti istituzionali con tale societ\u00e0, di valutare la possibilit\u00e0 di istituire un apposito tavolo presso il Ministero dello sviluppo economico, con Poste Italiane, con le organizzazioni sindacali e con le amministrazioni locali interessate dalla riorganizzazione del servizio, per affrontare la situazione che si sta venendo a creare e apportare nel caso i necessari correttivi ai fini di evitare l\u2019incidenza negativa del provvedimento sulla vita complessiva dei comuni, garantire la qualit\u00e0 del servizio, nonch\u00e9 la tutela dei lavoratori. Com<\/p>\n","protected":false},"excerpt":{"rendered":"<p>Le nuove razionalizzazioni tracciate nel piano d\u2019impresa \u201cPoste 2020\u201d, relativo al quinquennio 2015\/2019, colpiscono anche la Sardegna, lo comunicano i vertici dell\u2019azienda di Poste Italiane.&#8230;<\/p>\n","protected":false},"author":2,"featured_media":0,"comment_status":"closed","ping_status":"closed","sticky":false,"template":"","format":"standard","meta":[],"categories":[49],"tags":[],"_links":{"self":[{"href":"https:\/\/www.cronacaonline.it\/index.php\/wp-json\/wp\/v2\/posts\/114630"}],"collection":[{"href":"https:\/\/www.cronacaonline.it\/index.php\/wp-json\/wp\/v2\/posts"}],"about":[{"href":"https:\/\/www.cronacaonline.it\/index.php\/wp-json\/wp\/v2\/types\/post"}],"author":[{"embeddable":true,"href":"https:\/\/www.cronacaonline.it\/index.php\/wp-json\/wp\/v2\/users\/2"}],"replies":[{"embeddable":true,"href":"https:\/\/www.cronacaonline.it\/index.php\/wp-json\/wp\/v2\/comments?post=114630"}],"version-history":[{"count":0,"href":"https:\/\/www.cronacaonline.it\/index.php\/wp-json\/wp\/v2\/posts\/114630\/revisions"}],"wp:attachment":[{"href":"https:\/\/www.cronacaonline.it\/index.php\/wp-json\/wp\/v2\/media?parent=114630"}],"wp:term":[{"taxonomy":"category","embeddable":true,"href":"https:\/\/www.cronacaonline.it\/index.php\/wp-json\/wp\/v2\/categories?post=114630"},{"taxonomy":"post_tag","embeddable":true,"href":"https:\/\/www.cronacaonline.it\/index.php\/wp-json\/wp\/v2\/tags?post=114630"}],"curies":[{"name":"wp","href":"https:\/\/api.w.org\/{rel}","templated":true}]}}