{"id":114626,"date":"2015-02-04T17:20:52","date_gmt":"2015-02-04T16:20:52","guid":{"rendered":"http:\/\/www.cronacaonline.it\/public\/content\/index.php\/04\/02\/2015\/demografia-imprese-artigiane-2014--in-sardegna-circa-37mila-imprese-artigiane-registrate-e-lisola-torna-al-2001-dallinizio-della-crisi-perse-5305-aziende"},"modified":"2015-02-04T17:20:52","modified_gmt":"2015-02-04T16:20:52","slug":"demografia-imprese-artigiane-2014-in-sardegna-circa-37mila-imprese-artigiane-registrate-e-lisola-torna-al-2001-dallinizio-della-crisi-perse-5305-aziende","status":"publish","type":"post","link":"https:\/\/www.cronacaonline.it\/index.php\/2015\/02\/04\/demografia-imprese-artigiane-2014-in-sardegna-circa-37mila-imprese-artigiane-registrate-e-lisola-torna-al-2001-dallinizio-della-crisi-perse-5305-aziende\/","title":{"rendered":"Demografia imprese artigiane 2014 \u2013 In Sardegna circa 37mila imprese artigiane registrate e l\u2019isola torna al 2001: dall\u2019inizio della crisi perse 5.305 aziende."},"content":{"rendered":"<p>In una nota di Confartigianato, la Presidente di Confartigianato Imprese Sardegna, Maria Carmela Folchetti afferma che \u201cTornare a poco oltre 37 mila imprese artigiane \u00e8 come fare un balzo indietro di 14 anni. Dall\u2019inizio della crisi sono state perse 5.305 imprese: la loro chiusura, considerando anche la forza lavoro, ha lo stesso impatto della dismissione di 5 Alcoa e 12 Meridiana\u201d.<\/p>\n<p>E\u2019 amarissimo il commento della Presidente di Confartigianato Imprese Sardegna, Maria Carmela Folchetti, sui dati della nati-mortalit\u00e0 delle imprese sarde del 2014, appena certificati da UnionCamere Movimprese.<br \/>Sono infatti sono 37.713 le imprese artigiane in Sardegna al 31 dicembre dello scorso anno, una decrescita che, in pratica, riporta il comparto al 2001, quando si registrarono 37.720 aziende.<\/p>\n<p>Infatti nell\u2019ultimo anno il saldo negativo \u00e8 di -1.088 imprese che corrisponde a 1.584 iscrizioni contro 2.672 cancellazioni.<br \/>Situazione pesantissima anche nelle province: Cagliari ne perde 433, segue Sassari con \u2013 366, Nuoro con -210 e Oristano con -79.<\/p>\n<p>\u201cE\u2019 una situazione devastata e devastante \u2013 afferma ancora la Presidente \u2013 che certifica, se mai ce ne fosse ancora bisogno, come pubblica amministrazione e politica, nell\u2019ultimo decennio, non abbiano avuto i ritmi delle imprese. Questi dati, anche se in leggera frenata rispetto al terribile 2013, rappresentano il fallimento di un \u201csistema Sardegna\u201d che negli anni \u00e8 peggiorato e non ha dato scampo a migliaia di attivit\u00e0 produttive e a decine di migliaia di persone che vi lavorano\u201d.<\/p>\n<p>\u201cRicordiamo che l\u2019artigianato in Sardegna rappresenta circa il 25% di tutte le attivit\u00e0 produttive ed \u00e8 stanco di essere considerato, ancora una volta, semplicemente un \u201cnumero\u201d, per una Pubblica Amministrazione assente, per una burocrazia devastante, per una tassazione tentacolare per una politica, che fino a oggi, non ha dato risposte\u201d.<\/p>\n<p>\u201cSe questo \u00e8 il segnale che arriva dal 2014 - aggiunge Folchetti - per il 2015, pur essendo artigiani e quindi avendo sempre un pensiero positivo, non ci aspettiamo grandi stravolgimenti. Anche perch\u00e9 non c\u2019\u00e8 impresa che non abbia visto intaccata la propria solidit\u00e0: questo non da ora ma dai decenni passati. Alcuni indicatori parlano di una \u201cripresina\u201d, ovvero di crescite di poco superiori allo 0%, ma questo, ovviamente, non potr\u00e0 bastare a vedere un ennesimo segno \u201cmeno\u201d nelle statistiche future\u201d.<br \/>\u201cLa politica, nazionale e regionale \u2013 continua la Presidente \u2013 dovr\u00e0 avere il duro compito di ricreare un contesto favorevole alle attivit\u00e0 produttive, senza il quale l\u2019inversione di tendenza sar\u00e0 ardua\u201d.<\/p>\n<p>Confartigianato Imprese Sardegna - si legge ancora nel comunicato - ribadisce come la ripresa potr\u00e0 esserci solo con l\u2019approvazione definitiva del nuovo Piano Casa, attraverso il rilancio dell\u2019attivit\u00e0 edilizia, anche con l\u2019apertura dei cantieri e con la riqualificazione degli edifici esistenti, con la velocizzazione dei pagamenti della Pubblica Amministrazione e l\u2019allentamento della stretta creditizia bancaria, che dovr\u00e0 avvenire tramite il rifinanziamento dei Confidi. Inoltre sar\u00e0 fondamentale tagliare nettamente la burocrazia e avviare la continuit\u00e0 territoriale merci.<br \/>\u201cSolo attraverso la realizzazione di queste proposte \u2013 conclude Maria Carmela Folchetti - si potr\u00e0 avere una rapida e concreta ripresa di tutti i settori produttivi della Sardegna\u201d.<\/p>\n<p>La Presidente di Confartigianato Sardegna, Folchetti conclude dicendo che \u201c\u00c8 come se avessero chiuso 5 Alcoa e 12 Meridiana\u201d. Tra le province debacle di Cagliari con un saldo di -433. Com<\/p>\n","protected":false},"excerpt":{"rendered":"<p>In una nota di Confartigianato, la Presidente di Confartigianato Imprese Sardegna, Maria Carmela Folchetti afferma che \u201cTornare a poco oltre 37 mila imprese artigiane \u00e8&#8230;<\/p>\n","protected":false},"author":2,"featured_media":0,"comment_status":"closed","ping_status":"closed","sticky":false,"template":"","format":"standard","meta":[],"categories":[49],"tags":[],"_links":{"self":[{"href":"https:\/\/www.cronacaonline.it\/index.php\/wp-json\/wp\/v2\/posts\/114626"}],"collection":[{"href":"https:\/\/www.cronacaonline.it\/index.php\/wp-json\/wp\/v2\/posts"}],"about":[{"href":"https:\/\/www.cronacaonline.it\/index.php\/wp-json\/wp\/v2\/types\/post"}],"author":[{"embeddable":true,"href":"https:\/\/www.cronacaonline.it\/index.php\/wp-json\/wp\/v2\/users\/2"}],"replies":[{"embeddable":true,"href":"https:\/\/www.cronacaonline.it\/index.php\/wp-json\/wp\/v2\/comments?post=114626"}],"version-history":[{"count":0,"href":"https:\/\/www.cronacaonline.it\/index.php\/wp-json\/wp\/v2\/posts\/114626\/revisions"}],"wp:attachment":[{"href":"https:\/\/www.cronacaonline.it\/index.php\/wp-json\/wp\/v2\/media?parent=114626"}],"wp:term":[{"taxonomy":"category","embeddable":true,"href":"https:\/\/www.cronacaonline.it\/index.php\/wp-json\/wp\/v2\/categories?post=114626"},{"taxonomy":"post_tag","embeddable":true,"href":"https:\/\/www.cronacaonline.it\/index.php\/wp-json\/wp\/v2\/tags?post=114626"}],"curies":[{"name":"wp","href":"https:\/\/api.w.org\/{rel}","templated":true}]}}