{"id":114619,"date":"2015-02-04T17:20:52","date_gmt":"2015-02-04T16:20:52","guid":{"rendered":"http:\/\/www.cronacaonline.it\/public\/content\/index.php\/04\/02\/2015\/gdf-sassari-fermato-complice-dellarchitetto-di-carbonia-fermato-ieri-a-olbia-con-1-kg-di-cocaina"},"modified":"2015-02-04T17:20:52","modified_gmt":"2015-02-04T16:20:52","slug":"gdf-sassari-fermato-complice-dellarchitetto-di-carbonia-fermato-ieri-a-olbia-con-1-kg-di-cocaina","status":"publish","type":"post","link":"https:\/\/www.cronacaonline.it\/index.php\/2015\/02\/04\/gdf-sassari-fermato-complice-dellarchitetto-di-carbonia-fermato-ieri-a-olbia-con-1-kg-di-cocaina\/","title":{"rendered":"Gdf Sassari: fermato complice dell\u2019architetto di Carbonia fermato ieri a Olbia con 1 kg di cocaina"},"content":{"rendered":"<p>Ieri, i finanzieri di Olbia, avevano fermato per un controllo e poi arrestato, Mauro Addis, di 60 anni, architetto di Carbonia ma da anni residente in provincia di Milano. Il professionista era stato bloccato a Olbia con un chilogrammo di cocaina nascosto nell'auto sulla quale viaggiava. Addis \u00e8 stato quindi dichiarato in arresto e dopo le formalit\u00e0 di legge accompagnato e rinchiuso nel carcere di Nuchis a disposizione dell'autorit\u00e0 giudiziaria.<\/p>\n<p>Addis era stato fermato in viale Aldo Moro, ad un posto di blocco e quanto hanno notato il forte nervosismo dell\u2019arrestato si sono insospettiti, visto anche l'interessamento del cane antidroga \u201cZatto\u201d, i militari hanno sottoposto l'auto ad una verifica approfondita ed alla fine hanno rinvenuto, in un vano del cruscotto adiacente l'airbag, un involucro sottovuoto, confezionato con nastro isolante, cellophane e plastica, con un chilo di cocaina dentro.<\/p>\n<p>Oggi, invece, sempre i militari della Guardia di Finanza del Comando Provinciale di Sassari, hanno intercettato e fermato nella serata il complice che si stava dando alla fuga.<\/p>\n<p>Infatti, i finanzieri del Gruppo di Olbia, a poche ore dal primo intervento hanno ricostruito tutti i movimenti dell\u2019architetto e, dopo una certosina analisi di tutti gli elementi via via raccolti, sono risaliti a colui che aveva fornito l\u2019automobile con lo stupefacente celato a bordo. Questi, un 58enne e disoccupato con modesti precedenti di polizia, originario della provincia di Cosenza e proveniente da Paderno Dugnano (MI), giunto a Olbia appena tre giorni fa, stava dandosi alla fuga non appena avvedutosi dell\u2019arresto del complice.<\/p>\n<p>Grazie al dispiegamento di forze messo in campo per intercettare il complice, il ricercato \u00e8 stato individuato e sottoposto a fermo a bordo del traghetto prima che salpasse per Livorno per dileguarsi. <br \/>Quindi l\u2019uomo \u00e8 stato fermato e messo in stato di arresto in attesa delle decisioni dell\u2019A.G. di Tempi Pausania.<\/p>\n","protected":false},"excerpt":{"rendered":"<p>Ieri, i finanzieri di Olbia, avevano fermato per un controllo e poi arrestato, Mauro Addis, di 60 anni, architetto di Carbonia ma da anni residente&#8230;<\/p>\n","protected":false},"author":2,"featured_media":0,"comment_status":"closed","ping_status":"closed","sticky":false,"template":"","format":"standard","meta":[],"categories":[49],"tags":[],"_links":{"self":[{"href":"https:\/\/www.cronacaonline.it\/index.php\/wp-json\/wp\/v2\/posts\/114619"}],"collection":[{"href":"https:\/\/www.cronacaonline.it\/index.php\/wp-json\/wp\/v2\/posts"}],"about":[{"href":"https:\/\/www.cronacaonline.it\/index.php\/wp-json\/wp\/v2\/types\/post"}],"author":[{"embeddable":true,"href":"https:\/\/www.cronacaonline.it\/index.php\/wp-json\/wp\/v2\/users\/2"}],"replies":[{"embeddable":true,"href":"https:\/\/www.cronacaonline.it\/index.php\/wp-json\/wp\/v2\/comments?post=114619"}],"version-history":[{"count":0,"href":"https:\/\/www.cronacaonline.it\/index.php\/wp-json\/wp\/v2\/posts\/114619\/revisions"}],"wp:attachment":[{"href":"https:\/\/www.cronacaonline.it\/index.php\/wp-json\/wp\/v2\/media?parent=114619"}],"wp:term":[{"taxonomy":"category","embeddable":true,"href":"https:\/\/www.cronacaonline.it\/index.php\/wp-json\/wp\/v2\/categories?post=114619"},{"taxonomy":"post_tag","embeddable":true,"href":"https:\/\/www.cronacaonline.it\/index.php\/wp-json\/wp\/v2\/tags?post=114619"}],"curies":[{"name":"wp","href":"https:\/\/api.w.org\/{rel}","templated":true}]}}