{"id":114617,"date":"2015-02-04T17:20:52","date_gmt":"2015-02-04T16:20:52","guid":{"rendered":"http:\/\/www.cronacaonline.it\/public\/content\/index.php\/04\/02\/2015\/il-civ-dellinps-approva-il-bilancio-di-previsione-2015"},"modified":"2015-02-04T17:20:52","modified_gmt":"2015-02-04T16:20:52","slug":"il-civ-dellinps-approva-il-bilancio-di-previsione-2015","status":"publish","type":"post","link":"https:\/\/www.cronacaonline.it\/index.php\/2015\/02\/04\/il-civ-dellinps-approva-il-bilancio-di-previsione-2015\/","title":{"rendered":"Il Civ dell\u2019Inps approva il bilancio di previsione 2015"},"content":{"rendered":"<p>Il Consiglio di Indirizzo e Vigilanza dell\u2019Inps nella riunione di oggi 3 febbraio ha approvato, con il voto contrario della UIL, il bilancio di previsione dell\u2019Istituto per l\u2019anno 2015.<\/p>\n<p>I principali risultati del bilancio sono stati determinati sulla base della nota di aggiornamento al Documento di Economia e Finanza (Def) 2014 e della legislazione vigente alla data del 30 settembre 2014.<\/p>\n<p>Si premette che, per la tempistica di approvazione, il Bilancio approvato non tiene conto della legge di stabilit\u00e0 2015.<\/p>\n<p>I risultati del Bilancio di Previsione 2015 approvato si riassumono in: 6.701 milioni di disavanzo finanziario di competenza (con un miglioramento di 1.119 milioni rispetto alle previsioni aggiornate del 2014); 213.564 milioni di entrate contributive (+2.318 milioni rispetto alle previsioni aggiornate del 2014); 307.239 milioni di prestazioni istituzionali (+2.120 milioni rispetto alle previsioni aggiornate del 2014).<\/p>\n<p>In particolare la spesa per prestazioni pensionistiche \u00e8 risultata pari a 270.644 milioni (+1.065 milioni rispetto alle previsioni aggiornate del 2014); 6.845 milioni di disavanzo economico di esercizio (con un miglioramento di 5.306 milioni rispetto alle previsioni aggiornate del 2014); 11.731 milioni di avanzo patrimoniale al 31 dicembre 2015.<\/p>\n<p>Nell\u2019approvare il bilancio di previsione 2015, il CIV ribadisce nuovamente la necessit\u00e0 di monitorare attentamente gli equilibri di bilancio di tutti i fondi e le gestioni previdenziali amministrate dall\u2019INPS che presentano un trend negativo, per le quali \u00e8 necessario trovare soluzioni legislative da parte dei Ministeri vigilanti.<\/p>\n<p>Dal bilancio di previsione si rileva altres\u00ec, che in applicazione delle numerose disposizioni legislative emanate negli ultimi anni, l\u2019Istituto sta continuando ad operare tagli alle spese di funzionamento, che hanno superato l\u2019importo annuo di 600 mln; importo che viene riversato al bilancio dello Stato. Ulteriori misure di contenimento sono gi\u00e0 previste nella legge di stabilit\u00e0 per il 2015 e troveranno attuazione nella prima nota di variazione al bilancio 2015.<\/p>\n<p>Anche il bilancio preventivo 2015 evidenzia la tenuta dei conti del sistema previdenziale italiano, nonostante il perdurare della crisi economico-finanziaria. Questa positiva osservazione non consente, tuttavia, di ritenere esauriti i necessari interventi strutturali. Solo questi potranno consentire la piena sostenibilit\u00e0 \u2013 anche e soprattutto nel lungo periodo \u2013 del sistema previdenziale a garanzia delle aspettative di giovani, lavoratori, pensionati ed imprese. Particolare attenzione occorrer\u00e0 prestare alle fasce pi\u00f9 deboli della popolazione, nel pi\u00f9 ampio quadro degli interventi a sostegno del reddito e del mercato del lavoro, gi\u00e0 previsti, tra l\u2019altro, nel Jobs Act. Com<\/p>\n<p><\/p>\n","protected":false},"excerpt":{"rendered":"<p>Il Consiglio di Indirizzo e Vigilanza dell\u2019Inps nella riunione di oggi 3 febbraio ha approvato, con il voto contrario della UIL, il bilancio di previsione&#8230;<\/p>\n","protected":false},"author":2,"featured_media":0,"comment_status":"closed","ping_status":"closed","sticky":false,"template":"","format":"standard","meta":[],"categories":[49],"tags":[],"_links":{"self":[{"href":"https:\/\/www.cronacaonline.it\/index.php\/wp-json\/wp\/v2\/posts\/114617"}],"collection":[{"href":"https:\/\/www.cronacaonline.it\/index.php\/wp-json\/wp\/v2\/posts"}],"about":[{"href":"https:\/\/www.cronacaonline.it\/index.php\/wp-json\/wp\/v2\/types\/post"}],"author":[{"embeddable":true,"href":"https:\/\/www.cronacaonline.it\/index.php\/wp-json\/wp\/v2\/users\/2"}],"replies":[{"embeddable":true,"href":"https:\/\/www.cronacaonline.it\/index.php\/wp-json\/wp\/v2\/comments?post=114617"}],"version-history":[{"count":0,"href":"https:\/\/www.cronacaonline.it\/index.php\/wp-json\/wp\/v2\/posts\/114617\/revisions"}],"wp:attachment":[{"href":"https:\/\/www.cronacaonline.it\/index.php\/wp-json\/wp\/v2\/media?parent=114617"}],"wp:term":[{"taxonomy":"category","embeddable":true,"href":"https:\/\/www.cronacaonline.it\/index.php\/wp-json\/wp\/v2\/categories?post=114617"},{"taxonomy":"post_tag","embeddable":true,"href":"https:\/\/www.cronacaonline.it\/index.php\/wp-json\/wp\/v2\/tags?post=114617"}],"curies":[{"name":"wp","href":"https:\/\/api.w.org\/{rel}","templated":true}]}}