{"id":114616,"date":"2015-02-04T17:20:52","date_gmt":"2015-02-04T16:20:52","guid":{"rendered":"http:\/\/www.cronacaonline.it\/public\/content\/index.php\/04\/02\/2015\/istruzione-e-disabilita-assessore-firino-regione-gia-intervenuta-per-risoluzione-del-problema"},"modified":"2015-02-04T17:20:52","modified_gmt":"2015-02-04T16:20:52","slug":"istruzione-e-disabilita-assessore-firino-regione-gia-intervenuta-per-risoluzione-del-problema","status":"publish","type":"post","link":"https:\/\/www.cronacaonline.it\/index.php\/2015\/02\/04\/istruzione-e-disabilita-assessore-firino-regione-gia-intervenuta-per-risoluzione-del-problema\/","title":{"rendered":"Istruzione e disabilit\u00e0, Assessore Firino: regione gi\u00e0 intervenuta per risoluzione del problema"},"content":{"rendered":"<p>&nbsp;La Provincia di Oristano non sar\u00e0 costretta ad interrompere i servizi per gli studenti disabili. La Regione Sardegna, che gi\u00e0 all'inizio dell'anno scolastico ha stanziato 5 milioni da dividere fra province e comuni, \u00e8 gi\u00e0 intervenuta per coprire le difficolt\u00e0 delle province e assicurare i servizi agli studenti, proponendo un emendamento alla Finanziaria che copre le emergenze di tutte le province sarde. \u201cLa nostra soluzione \u00e8 adesso al vaglio del Consiglio Regionale, che sta discutendo nel merito della Legge Finanziaria\u201d dichiara l'assessore regionale della Pubblica Istruzione, Claudia Firino.<\/p>\n<p>\u201cSiamo ben consapevoli delle complicazioni che in misura diversa riguardano tutte le Province. Per questo abbiamo agito tempestivamente, prevedendo il trasferimento immediato dei due dodicesimi del Fondo Unico degli Enti Locali affinch\u00e9 vengano utilizzati per garantire il diritto allo studio a tutti gli studenti disabili. Come pi\u00f9 volte dichiarato, garantire il diritto allo studio a tutti \u00e8 priorit\u00e0 irrinunciabile di questa giunta regionale e in particolare del mio assessorato\u201d.<\/p>\n","protected":false},"excerpt":{"rendered":"<p>&nbsp;La Provincia di Oristano non sar\u00e0 costretta ad interrompere i servizi per gli studenti disabili. La Regione Sardegna, che gi\u00e0 all&#8217;inizio dell&#8217;anno scolastico ha stanziato&#8230;<\/p>\n","protected":false},"author":2,"featured_media":0,"comment_status":"closed","ping_status":"closed","sticky":false,"template":"","format":"standard","meta":[],"categories":[49],"tags":[],"_links":{"self":[{"href":"https:\/\/www.cronacaonline.it\/index.php\/wp-json\/wp\/v2\/posts\/114616"}],"collection":[{"href":"https:\/\/www.cronacaonline.it\/index.php\/wp-json\/wp\/v2\/posts"}],"about":[{"href":"https:\/\/www.cronacaonline.it\/index.php\/wp-json\/wp\/v2\/types\/post"}],"author":[{"embeddable":true,"href":"https:\/\/www.cronacaonline.it\/index.php\/wp-json\/wp\/v2\/users\/2"}],"replies":[{"embeddable":true,"href":"https:\/\/www.cronacaonline.it\/index.php\/wp-json\/wp\/v2\/comments?post=114616"}],"version-history":[{"count":0,"href":"https:\/\/www.cronacaonline.it\/index.php\/wp-json\/wp\/v2\/posts\/114616\/revisions"}],"wp:attachment":[{"href":"https:\/\/www.cronacaonline.it\/index.php\/wp-json\/wp\/v2\/media?parent=114616"}],"wp:term":[{"taxonomy":"category","embeddable":true,"href":"https:\/\/www.cronacaonline.it\/index.php\/wp-json\/wp\/v2\/categories?post=114616"},{"taxonomy":"post_tag","embeddable":true,"href":"https:\/\/www.cronacaonline.it\/index.php\/wp-json\/wp\/v2\/tags?post=114616"}],"curies":[{"name":"wp","href":"https:\/\/api.w.org\/{rel}","templated":true}]}}