{"id":114573,"date":"2015-02-07T17:20:52","date_gmt":"2015-02-07T16:20:52","guid":{"rendered":"http:\/\/www.cronacaonline.it\/public\/content\/index.php\/07\/02\/2015\/safer-internet-day-2015-la-polizia-di-stato-il-ministero-dellistruzione-delluniversita-e-della-ricerca-e-il-garante-per-linfanzia-e-ladolescenza-con-una-vita-da-social--il-10-febbraio-per-inc"},"modified":"2015-02-07T17:20:52","modified_gmt":"2015-02-07T16:20:52","slug":"safer-internet-day-2015-la-polizia-di-stato-il-ministero-dellistruzione-delluniversita-e-della-ricerca-e-il-garante-per-linfanzia-e-ladolescenza-con-una-vita-da-social-il-10-febbraio-per-incontrare-6","status":"publish","type":"post","link":"https:\/\/www.cronacaonline.it\/index.php\/2015\/02\/07\/safer-internet-day-2015-la-polizia-di-stato-il-ministero-dellistruzione-delluniversita-e-della-ricerca-e-il-garante-per-linfanzia-e-ladolescenza-con-una-vita-da-social-il-10-febbraio-per-incontrare-6\/","title":{"rendered":"Safer Internet Day 2015: La Polizia di Stato, il Ministero dell\u2019Istruzione, dell\u2019Universit\u00e0 e della Ricerca e il Garante per l\u2019Infanzia e l\u2019Adolescenza con Una vita da social  il 10 febbraio per incontrare 60mila studenti sul tema del cyberbullismo"},"content":{"rendered":"<p>Nell\u2019ambito delle iniziative promosse per celebrare il Safer Internet Day 2015, che quest\u2019anno si terr\u00e0 il 10 febbraio, la Polizia Postale e delle Comunicazioni in collaborazione con il Ministero dell\u2019Istruzione dell\u2019Universit\u00e0 e della Ricerca ed il Garante per l\u2019Infanzia e l\u2019Adolescenza, ha organizzato workshop sul tema del cyberbullismo nelle scuole delle province di Cagliari, Sassari, Nuoro e Oristano.<\/p>\n<p>A Cagliari la Polizia Postale e delle Comunicazioni incontrer\u00e0 i giovani studenti del Liceo Linguistico \u201cEleonora d\u2019Arborea\u201d, presso l\u2019Aula Conferenze dell\u2019Istituto in via Carboni Boy nr.5,&nbsp; ai quali, nel corso di una mattinata densa di interventi, verr\u00e0&nbsp; illustrato il&nbsp; mondo del web tra risorse e rischi.<\/p>\n<p>Si tratter\u00e0 di un\u2019edizione speciale del progetto Una vita da social che prevede workshop in contemporanea il 10 febbraio presso le scuole di 100 capoluoghi di provincia italiani. La Polizia Postale e delle Comunicazioni incontrer\u00e0 oltre 60 000 ragazzi in occasione del Safer Internet Day, con lo slogan \u201cCreiamo insieme un internet migliore\u201d.<\/p>\n<p>Una vita da social \u00e8 un progetto itinerante sviluppato dalla Polizia Postale e delle Comunicazioni che ha l\u2019obiettivo di aiutare gli utenti della Rete a navigare in piena sicurezza e a gestire con consapevolezza e controllo i dati condivisi online. Il progetto si compone inoltre di una pagina facebook \u201cunavitadasocial\u201d nella quale vengono riportate tutte le attivit\u00e0 e le impressioni dei giovani studenti.<\/p>\n<p>L\u2019obiettivo delle attivit\u00e0 di formazione \u00e8 insegnare ai ragazzi a sfruttare le potenzialit\u00e0 comunicative del web e delle community online senza correre rischi connessi all\u2019adescamento, cyberbullismo, alla violazione della privacy altrui e propria, al caricamento di contenuti inappropriati, alla violazione del copyright e all\u2019adozione di comportamenti scorretti o pericolosi per s\u00e9 o per gli altri.<\/p>\n<p>La formazione sui temi della sicurezza e dell\u2019uso responsabile della rete \u00e8 un impegno quotidiano della Polizia di Stato e la collaborazione con il Ministero dell\u2019Istruzione, della Universit\u00e0 e della Ricerca e l\u2019Autorit\u00e0 Garante per l\u2019Infanzia e l\u2019Adolescenza, \u00e8 assolutamente determinante. <br \/>Iniziative come la giornata mondiale dedicata alla sicurezza in Internet - ormai celebrata in oltre 100 paesi sono di grande importanza perch\u00e9 aiutano a portare la sicurezza della rete all\u2019attenzione di un grande numero di utenti, soprattutto adulti, che sono oggi nel nostro paese quelli meno consapevoli dell\u2019importanza di educare i minori a un uso sicuro consapevole e responsabile della rete.<\/p>\n<p>\u201cNel 2014, solo in tema di contrasto alla pedofilia online sono state denunciate 15 persone, sono stati monitorati 925 siti web di cui 25 rilevati a contenuto pedopornografico inseriti in black list, svariate le perquisizioni effettuate sul territorio regionale - dichiara Anna Maria Mazziotto Dirigente del Compartimento della Polizia Postale e delle Comunicazioni di Cagliari. Prevenzione e formazione sono gli strumenti pi\u00f9 efficaci per far s\u00ec che i giovani imparino a navigare con prudenza in internet e per aiutare, allo stesso tempo, i genitori a conoscere i mezzi a loro disposizione per proteggere i figli dai pericoli del web\u201d.<\/p>\n","protected":false},"excerpt":{"rendered":"<p>Nell\u2019ambito delle iniziative promosse per celebrare il Safer Internet Day 2015, che quest\u2019anno si terr\u00e0 il 10 febbraio, la Polizia Postale e delle Comunicazioni in&#8230;<\/p>\n","protected":false},"author":2,"featured_media":0,"comment_status":"closed","ping_status":"closed","sticky":false,"template":"","format":"standard","meta":[],"categories":[49],"tags":[],"_links":{"self":[{"href":"https:\/\/www.cronacaonline.it\/index.php\/wp-json\/wp\/v2\/posts\/114573"}],"collection":[{"href":"https:\/\/www.cronacaonline.it\/index.php\/wp-json\/wp\/v2\/posts"}],"about":[{"href":"https:\/\/www.cronacaonline.it\/index.php\/wp-json\/wp\/v2\/types\/post"}],"author":[{"embeddable":true,"href":"https:\/\/www.cronacaonline.it\/index.php\/wp-json\/wp\/v2\/users\/2"}],"replies":[{"embeddable":true,"href":"https:\/\/www.cronacaonline.it\/index.php\/wp-json\/wp\/v2\/comments?post=114573"}],"version-history":[{"count":0,"href":"https:\/\/www.cronacaonline.it\/index.php\/wp-json\/wp\/v2\/posts\/114573\/revisions"}],"wp:attachment":[{"href":"https:\/\/www.cronacaonline.it\/index.php\/wp-json\/wp\/v2\/media?parent=114573"}],"wp:term":[{"taxonomy":"category","embeddable":true,"href":"https:\/\/www.cronacaonline.it\/index.php\/wp-json\/wp\/v2\/categories?post=114573"},{"taxonomy":"post_tag","embeddable":true,"href":"https:\/\/www.cronacaonline.it\/index.php\/wp-json\/wp\/v2\/tags?post=114573"}],"curies":[{"name":"wp","href":"https:\/\/api.w.org\/{rel}","templated":true}]}}