{"id":114571,"date":"2015-02-07T17:20:52","date_gmt":"2015-02-07T16:20:52","guid":{"rendered":"http:\/\/www.cronacaonline.it\/public\/content\/index.php\/07\/02\/2015\/protezione-civile-al-via-laffiancamento-ai-comuni-per-prevenire-le-emergenze"},"modified":"2015-02-07T17:20:52","modified_gmt":"2015-02-07T16:20:52","slug":"protezione-civile-al-via-laffiancamento-ai-comuni-per-prevenire-le-emergenze","status":"publish","type":"post","link":"https:\/\/www.cronacaonline.it\/index.php\/2015\/02\/07\/protezione-civile-al-via-laffiancamento-ai-comuni-per-prevenire-le-emergenze\/","title":{"rendered":"Protezione civile: al via l&#8217;affiancamento ai comuni per prevenire le emergenze"},"content":{"rendered":"<p>I&nbsp;sindaci e i responsabili della protezione civile dei comuni sardi affronteranno le situazioni di emergenza secondo le nuove procedure di allertamento regionale. Questo lo scopo delle giornate di informazione sul territorio isolano previste dall'assessorato dell'Ambiente. A Cagliari, luned\u00ec 9 alle ore 11, nel palazzo della Regione di viale Trento, il presidente della Regione Francesco Pigliaru, l'assessore Donatella Spano e il direttore generale della Protezione Civile, Graziano Nudda, saranno presenti al primo incontro con i prefetti. \u201cCi siamo impegnati a non lasciare soli i comuni nel processo di adozione pratica del nuovo Manuale operativo - afferma la titolare dell'Ambiente \u2013. Questa giunta ha fortemente voluto colmare il ritardo dell'istituzione del Centro Funzionale Decentrato di Protezione civile, previsto da una direttiva del 2004 firmata dal Presidente del Consiglio dei Ministri, perch\u00e9 \u00e8 un pilastro fondamentale nel supporto delle attivit\u00e0 di Protezione civile necessarie per la sicurezza dei cittadini\u201d.<\/p>\n<p>Durante l'iniziativa verr\u00e0 illustrato il Manuale operativo di protezione civile per il rischio meteorologico, idraulico e idrogeologico e l'attivit\u00e0 del Centro Funzionale Decentrato. I prossimi appuntamenti provinciali, specificatamente dedicati a sindaci e responsabili della protezione civile, sono fissati a Cagliari (CFRP, ex Cisapi, in via Caravaggio) l'11 e il 12 febbraio, rispettivamente per la Province di Cagliari e, il giorno seguente, del Medio Campidano e del Sulcis Iglesiente. A Sassari, l'incontro per la Provincia di Sassari e quella di Olbia-Tempio, si terr\u00e0 il 13 febbraio a Sassari (sala Auditorium dell'ITC Dess\u00ec Lamarmora, via Montegrappa 2). Le amministrazioni del Nuorese e dell'Ogliastra saranno coinvolte il 16 febbraio a Nuoro (Auditorium ISRE, via Papandrea 6). Infine, per i comuni dell'Oristanese, la giornata \u00e8 prevista il 18 febbraio, a Oristano (Auditorium ITC Sergio Atzeni, via Mattei).<\/p>\n<p>Nel programma degli incontri, sempre dalle 10 alle 14, l'assessore della Difesa dell'Ambiente apre i lavori e il direttore della Protezione civile illustra il sistema Protezione Civile in Sardegna. Paolo Botti, direttore del Servizio Previsione e prevenzione rischi della Protezione civile, Maria Antonietta Raimondo, direttore del Servizio Pianificazione e gestione delle emergenze e Giuseppe Bianco, direttore del Servizio meteorologico dell'ARPAS, hanno il compito di spiegare il funzionamento del Centro Funzionale Decentrato di Protezione Civile della Regione e le nuove procedure di allertamento previste dal Manuale operativo approvato a dicembre. Dopo l'illustrazione dei principali elementi contenuti nel Manuale operativo, i sindaci e i responsabili della protezione civile comunale intervenuti possono portare il loro contributo con un successivo approfondimento da parte dei dirigenti della Protezione civile regionale delle diverse tematiche emerse. Com<\/p>\n","protected":false},"excerpt":{"rendered":"<p>I&nbsp;sindaci e i responsabili della protezione civile dei comuni sardi affronteranno le situazioni di emergenza secondo le nuove procedure di allertamento regionale. Questo lo scopo&#8230;<\/p>\n","protected":false},"author":2,"featured_media":0,"comment_status":"closed","ping_status":"closed","sticky":false,"template":"","format":"standard","meta":[],"categories":[49],"tags":[],"_links":{"self":[{"href":"https:\/\/www.cronacaonline.it\/index.php\/wp-json\/wp\/v2\/posts\/114571"}],"collection":[{"href":"https:\/\/www.cronacaonline.it\/index.php\/wp-json\/wp\/v2\/posts"}],"about":[{"href":"https:\/\/www.cronacaonline.it\/index.php\/wp-json\/wp\/v2\/types\/post"}],"author":[{"embeddable":true,"href":"https:\/\/www.cronacaonline.it\/index.php\/wp-json\/wp\/v2\/users\/2"}],"replies":[{"embeddable":true,"href":"https:\/\/www.cronacaonline.it\/index.php\/wp-json\/wp\/v2\/comments?post=114571"}],"version-history":[{"count":0,"href":"https:\/\/www.cronacaonline.it\/index.php\/wp-json\/wp\/v2\/posts\/114571\/revisions"}],"wp:attachment":[{"href":"https:\/\/www.cronacaonline.it\/index.php\/wp-json\/wp\/v2\/media?parent=114571"}],"wp:term":[{"taxonomy":"category","embeddable":true,"href":"https:\/\/www.cronacaonline.it\/index.php\/wp-json\/wp\/v2\/categories?post=114571"},{"taxonomy":"post_tag","embeddable":true,"href":"https:\/\/www.cronacaonline.it\/index.php\/wp-json\/wp\/v2\/tags?post=114571"}],"curies":[{"name":"wp","href":"https:\/\/api.w.org\/{rel}","templated":true}]}}