{"id":114567,"date":"2015-02-07T17:20:52","date_gmt":"2015-02-07T16:20:52","guid":{"rendered":"http:\/\/www.cronacaonline.it\/public\/content\/index.php\/07\/02\/2015\/sardegna-a-expo-tavoli-tematici-morandi-sardegna-isola-della-qualita-della-vita"},"modified":"2015-02-07T17:20:52","modified_gmt":"2015-02-07T16:20:52","slug":"sardegna-a-expo-tavoli-tematici-morandi-sardegna-isola-della-qualita-della-vita","status":"publish","type":"post","link":"https:\/\/www.cronacaonline.it\/index.php\/2015\/02\/07\/sardegna-a-expo-tavoli-tematici-morandi-sardegna-isola-della-qualita-della-vita\/","title":{"rendered":"Sardegna a Expo: tavoli tematici. Morandi, Sardegna isola della qualit\u00e0 della vita"},"content":{"rendered":"<p>I turisti extra-europei preferiscono le citt\u00e0 d'arte nel 63 per cento dei casi, il 14 per cento di loro sceglie il mare, i restanti si suddividono tra laghi, montagna e shopping. Le destinazioni balneari tengono solo tra i viaggiatori italiani (37 per cento), mentre gli europei che prediligono l'ombrellone non superano il 26 per cento. Questo uno degli elementi d'interesse emerso dal tavolo tematico sul Turismo dell'evento promosso dal Governo \"Le idee di Expo 2015 - Verso la Carta di Milano\", alla presenza del ministro dei Beni Culturali, Dario Franceschini, al quale la Regione sta partecipando. \"Inizia oggi a Milano la partecipazione ufficiale dell'isola all'Expo. <\/p>\n<p>Stiamo lavorando per posizionare sui mercati la Sardegna come l'isola della qualit\u00e0 della vita - ha detto l'assessore del Turismo, Artigianato e Commercio, Francesco Morandi durante la sessione di lavoro del tavolo - i dati che oggi emergono dimostrano come sia necessario diversificare l'offerta ed esprimere al meglio il grande potenziale ancora inespresso che la nostra destinazione&nbsp;\u00e8 in grado di proporre\".<\/p>\n<p>Nella stessa prospettiva si colloca la \"valorizzazione del turismo dei borghi e delle zone interne, il cui sviluppo passa attraverso la capacit\u00e0 di rilanciare le vocazioni proprie\", prosegue l'esponente della Giunta Pigliaru.<\/p>\n<p>\"Altro tema molto importante per la Sardegna su cui la Giunta sta profondendo il massimo impegno - ha continuato Morandi - \u00e8 l'accessibilit\u00e0 al territorio attraverso il sistema dei trasporti, con particolare attenzione per le tratte aeree internazionali, che consentono di intercettare il flusso pi\u00f9 dinamico dei viaggiatori che predilige lo short break e le destinazioni da visitare durante tutto l'anno, in perfetta linea con la nostra nuova offerta territoriale\". Su questi temi, che trovano nella qualit\u00e0 della vita l'elemento unificante, l'Assessore ha raccolto l'interesse e la disponibilit\u00e0 dei protagonisti della scena turistica nazionale, rappresentanti al massimo livello delle istituzioni e delle imprese, ad impegnarsi e a tracciare un percorso comune. Per dare all'Italia un nuovo posizionamento strategico sui mercati internazionali, rispetto al quale l'isola pu\u00f2 giocare un ruolo di primo piano<\/p>\n<p>La partecipazione agli incontri del primo evento ufficiale di Expo 2015 \u00e8 stata l'occasione anche per analizzare le prospettive che l'appuntamento internazionale apre per l'economia della Sardegna. \"Noi accompagneremo all'Esposizione universale i network delle imprese e dei cluster territoriali selezionati in base alla capacit\u00e0 di offrire servizi di alto livello e di esportare prodotti di qualit\u00e0 \u2013 ha spiegato Francesco Morandi - e cercheremo insieme di individuare sbocchi concreti verso i nostri mercati obiettivo. Ci\u00f2 che ci interessa di pi\u00f9 \u00e8 il dopo Expo, sono i vantaggi reali per le nostre produzioni\". \"Il successo della partecipazione della nostra Regione all'Expo si concretizza nella capacit\u00e0 di presentare al mondo una regione competitiva e organizzata. Il vero valore aggiunto \u2013 ha concluso Morandi - sar\u00e0 quello di cogliere un'occasione unica per attivare nuovi canali di promo-commercializzazione, fare rete e instaurare relazioni durature, con una prospettiva di intervento almeno triennale\".<\/p>\n","protected":false},"excerpt":{"rendered":"<p>I turisti extra-europei preferiscono le citt\u00e0 d&#8217;arte nel 63 per cento dei casi, il 14 per cento di loro sceglie il mare, i restanti si&#8230;<\/p>\n","protected":false},"author":2,"featured_media":0,"comment_status":"closed","ping_status":"closed","sticky":false,"template":"","format":"standard","meta":[],"categories":[49],"tags":[],"_links":{"self":[{"href":"https:\/\/www.cronacaonline.it\/index.php\/wp-json\/wp\/v2\/posts\/114567"}],"collection":[{"href":"https:\/\/www.cronacaonline.it\/index.php\/wp-json\/wp\/v2\/posts"}],"about":[{"href":"https:\/\/www.cronacaonline.it\/index.php\/wp-json\/wp\/v2\/types\/post"}],"author":[{"embeddable":true,"href":"https:\/\/www.cronacaonline.it\/index.php\/wp-json\/wp\/v2\/users\/2"}],"replies":[{"embeddable":true,"href":"https:\/\/www.cronacaonline.it\/index.php\/wp-json\/wp\/v2\/comments?post=114567"}],"version-history":[{"count":0,"href":"https:\/\/www.cronacaonline.it\/index.php\/wp-json\/wp\/v2\/posts\/114567\/revisions"}],"wp:attachment":[{"href":"https:\/\/www.cronacaonline.it\/index.php\/wp-json\/wp\/v2\/media?parent=114567"}],"wp:term":[{"taxonomy":"category","embeddable":true,"href":"https:\/\/www.cronacaonline.it\/index.php\/wp-json\/wp\/v2\/categories?post=114567"},{"taxonomy":"post_tag","embeddable":true,"href":"https:\/\/www.cronacaonline.it\/index.php\/wp-json\/wp\/v2\/tags?post=114567"}],"curies":[{"name":"wp","href":"https:\/\/api.w.org\/{rel}","templated":true}]}}