{"id":114558,"date":"2015-02-09T17:20:52","date_gmt":"2015-02-09T16:20:52","guid":{"rendered":"http:\/\/www.cronacaonline.it\/public\/content\/index.php\/09\/02\/2015\/confindustria-sardegna--forum-a-cagliari-su-energia-per-la-ripresa-della-sardegna-dai-ritardi-alle-scelte-della-politica"},"modified":"2015-02-09T17:20:52","modified_gmt":"2015-02-09T16:20:52","slug":"confindustria-sardegna-forum-a-cagliari-su-energia-per-la-ripresa-della-sardegna-dai-ritardi-alle-scelte-della-politica","status":"publish","type":"post","link":"https:\/\/www.cronacaonline.it\/index.php\/2015\/02\/09\/confindustria-sardegna-forum-a-cagliari-su-energia-per-la-ripresa-della-sardegna-dai-ritardi-alle-scelte-della-politica\/","title":{"rendered":"Confindustria Sardegna \u2013 Forum a Cagliari su energia per la ripresa della Sardegna: dai ritardi alle scelte della politica"},"content":{"rendered":"<p>Luned\u00ec prossimo, 16 febbraio, ore 10,30, nella Sala Conferenze Confindustria Sardegna Meridionale viale Colombo 2 si svolger\u00e0 un forum su vari temi: Quello sull'energia che \u00e8 decisivo per le imprese, l'occupazione e la tenuta complessiva del gi\u00e0 debole sistema economico della Sardegna.<\/p>\n<p>L'industria, il turismo, l'agricoltura, i territori e le comunit\u00e0 della nostra isola non possono pi\u00f9 prescindere da un sistema energetico efficiente e competitivo, in termini di qualit\u00e0 e costi.<\/p>\n<p>Dopo decenni di ritardi servono ora le scelte della politica sarda: non c'\u00e8 pi\u00f9 tempo! Altrimenti si continua a disperdere valore, risorse ed opportunit\u00e0, pregiudicando anche il futuro della Sardegna.<\/p>\n<p>Sul Piano Energetico Regionale, sul metano, sull'essenzialit\u00e0 delle centrali, sulle rinnovabili, sulle procedure ed i percorsi autorizzativi occorre la competenza e l'assunzione di responsabilit\u00e0 decisionale adeguata all'importanza della partita in gioco.<\/p>\n<p>Su questo tema Confindustria Sardegna organizza un forum di confronto rivolgendo l'invito ad intervenire al Presidente ed agli Assessori della Giunta Regionale della Sardegna, ai Parlamentari europei e nazionali della Sardegna, ai Consiglieri Regionali, ai Sindaci e Amministratori locali, ai Rappresentanti sindacali e delle Organizzazioni imprenditoriali, ai tecnici ed esperti della materia. Com<\/p>\n","protected":false},"excerpt":{"rendered":"<p>Luned\u00ec prossimo, 16 febbraio, ore 10,30, nella Sala Conferenze Confindustria Sardegna Meridionale viale Colombo 2 si svolger\u00e0 un forum su vari temi: Quello sull&#8217;energia che&#8230;<\/p>\n","protected":false},"author":2,"featured_media":0,"comment_status":"closed","ping_status":"closed","sticky":false,"template":"","format":"standard","meta":[],"categories":[49],"tags":[],"_links":{"self":[{"href":"https:\/\/www.cronacaonline.it\/index.php\/wp-json\/wp\/v2\/posts\/114558"}],"collection":[{"href":"https:\/\/www.cronacaonline.it\/index.php\/wp-json\/wp\/v2\/posts"}],"about":[{"href":"https:\/\/www.cronacaonline.it\/index.php\/wp-json\/wp\/v2\/types\/post"}],"author":[{"embeddable":true,"href":"https:\/\/www.cronacaonline.it\/index.php\/wp-json\/wp\/v2\/users\/2"}],"replies":[{"embeddable":true,"href":"https:\/\/www.cronacaonline.it\/index.php\/wp-json\/wp\/v2\/comments?post=114558"}],"version-history":[{"count":0,"href":"https:\/\/www.cronacaonline.it\/index.php\/wp-json\/wp\/v2\/posts\/114558\/revisions"}],"wp:attachment":[{"href":"https:\/\/www.cronacaonline.it\/index.php\/wp-json\/wp\/v2\/media?parent=114558"}],"wp:term":[{"taxonomy":"category","embeddable":true,"href":"https:\/\/www.cronacaonline.it\/index.php\/wp-json\/wp\/v2\/categories?post=114558"},{"taxonomy":"post_tag","embeddable":true,"href":"https:\/\/www.cronacaonline.it\/index.php\/wp-json\/wp\/v2\/tags?post=114558"}],"curies":[{"name":"wp","href":"https:\/\/api.w.org\/{rel}","templated":true}]}}