{"id":114550,"date":"2015-02-09T17:20:52","date_gmt":"2015-02-09T16:20:52","guid":{"rendered":"http:\/\/www.cronacaonline.it\/public\/content\/index.php\/09\/02\/2015\/approvati-dallamministrazione-di-banco-di-sardegna-spa-risultati-preliminari-di-bilancio"},"modified":"2015-02-09T17:20:52","modified_gmt":"2015-02-09T16:20:52","slug":"approvati-dallamministrazione-di-banco-di-sardegna-spa-risultati-preliminari-di-bilancio","status":"publish","type":"post","link":"https:\/\/www.cronacaonline.it\/index.php\/2015\/02\/09\/approvati-dallamministrazione-di-banco-di-sardegna-spa-risultati-preliminari-di-bilancio\/","title":{"rendered":"Approvati dall\u2019Amministrazione di Banco di Sardegna S.p.a. risultati preliminari di Bilancio"},"content":{"rendered":"<p>Il Consiglio di Amministrazione del Banco di Sardegna S.p.A. ha approvato oggi i Risultati preliminari di Bilancio consolidati al 31 dicembre 2014.<\/p>\n<p>Al riguardo il Direttore Generale del Banco di Sardegna, Giuseppe Cuccurese, ha dichiarato: \u201cSiamo ovviamente soddisfatti del risultato d'esercizio 2014 del Banco che con 32,3 milioni di utile netto ha quasi triplicato il risultato del 2013, rappresentando un segnale di fiducia e di forte stimolo che vogliamo condividere con i nostri dipendenti e con il territorio.<\/p>\n<p>Allo stesso tempo, si legge ancora nel comunicato, dobbiamo essere consapevoli che il contesto in cui stiamo operando \u00e8 ancora pieno di difficolt\u00e0 e impone quindi una grande concentrazione e continuit\u00e0 nel lavoro gi\u00e0 avviato per arrivare ad una crescita stabile e sostenibile che si basi sull'efficienza, sul valore del servizio offerto al territorio, sulla dinamicit\u00e0 commerciale e sulla qualit\u00e0 del portafoglio crediti; abbiamo intrapreso un percorso virtuoso sul fronte della razionalizzazione dei costi e delle strutture senza penalizzare in alcun modo gli investimenti produttivi mentre ci aspettiamo buone opportunit\u00e0 sul fronte commerciale dall'evoluzione del modello distributivo che abbiamo introdotto nel 2014; tutti questi elementi potranno essere pienamente sviluppati nell'ambito del nuovo piano industriale di prossima emanazione.<\/p>\n<p>Il perdurare di un contesto macro-economico incerto e caratterizzato da una pesante crisi in alcuni dei settori trainanti, conclude la nota del Banco di Sardegna, ha causato un aumento dei flussi di sofferenze ed un appesantimento delle rettifiche di valore, che il Banco ha ben sopportato grazie al buon andamento dei ricavi, spinti anche dai risultati delle attivit\u00e0 del comparto finanziario; la costante e puntuale applicazione di criteri valutativi prudenziali \u00e8 confermata dal grado di copertura dei crediti deteriorati, che \u00e8 salito dal 41,6% al 44,4% con le sole sofferenze che si attestano al 57,7%.<\/p>\n<p>Siamo assolutamente soddisfatti della continua fiducia che ci riservano i nostri clienti sul fronte del risparmio e della relazione, mentre auspichiamo che ripartano al pi\u00f9 presto investimenti e consumi al fine di poter invertire il trend negativo sul fronte dei finanziamenti.<\/p>\n<p>Analoga soddisfazione esprimiamo per il risultato consolidato (Banco di Sardegna e societ\u00e0 controllate) che, con 35,8 milioni di euro, raddoppia il dato del precedente esercizio\u201d. Com<\/p>\n","protected":false},"excerpt":{"rendered":"<p>Il Consiglio di Amministrazione del Banco di Sardegna S.p.A. ha approvato oggi i Risultati preliminari di Bilancio consolidati al 31 dicembre 2014. Al riguardo il&#8230;<\/p>\n","protected":false},"author":2,"featured_media":0,"comment_status":"closed","ping_status":"closed","sticky":false,"template":"","format":"standard","meta":[],"categories":[49],"tags":[],"_links":{"self":[{"href":"https:\/\/www.cronacaonline.it\/index.php\/wp-json\/wp\/v2\/posts\/114550"}],"collection":[{"href":"https:\/\/www.cronacaonline.it\/index.php\/wp-json\/wp\/v2\/posts"}],"about":[{"href":"https:\/\/www.cronacaonline.it\/index.php\/wp-json\/wp\/v2\/types\/post"}],"author":[{"embeddable":true,"href":"https:\/\/www.cronacaonline.it\/index.php\/wp-json\/wp\/v2\/users\/2"}],"replies":[{"embeddable":true,"href":"https:\/\/www.cronacaonline.it\/index.php\/wp-json\/wp\/v2\/comments?post=114550"}],"version-history":[{"count":0,"href":"https:\/\/www.cronacaonline.it\/index.php\/wp-json\/wp\/v2\/posts\/114550\/revisions"}],"wp:attachment":[{"href":"https:\/\/www.cronacaonline.it\/index.php\/wp-json\/wp\/v2\/media?parent=114550"}],"wp:term":[{"taxonomy":"category","embeddable":true,"href":"https:\/\/www.cronacaonline.it\/index.php\/wp-json\/wp\/v2\/categories?post=114550"},{"taxonomy":"post_tag","embeddable":true,"href":"https:\/\/www.cronacaonline.it\/index.php\/wp-json\/wp\/v2\/tags?post=114550"}],"curies":[{"name":"wp","href":"https:\/\/api.w.org\/{rel}","templated":true}]}}