{"id":114548,"date":"2015-02-10T17:20:52","date_gmt":"2015-02-10T16:20:52","guid":{"rendered":"http:\/\/www.cronacaonline.it\/public\/content\/index.php\/10\/02\/2015\/la-maddalena-assessore-piras-visita-ex-arsenale-accelerare-per-rilancio"},"modified":"2015-02-10T17:20:52","modified_gmt":"2015-02-10T16:20:52","slug":"la-maddalena-assessore-piras-visita-ex-arsenale-accelerare-per-rilancio","status":"publish","type":"post","link":"https:\/\/www.cronacaonline.it\/index.php\/2015\/02\/10\/la-maddalena-assessore-piras-visita-ex-arsenale-accelerare-per-rilancio\/","title":{"rendered":"La Maddalena: assessore Piras visita ex arsenale, accelerare per rilancio"},"content":{"rendered":"<p>\u201cLa Regione \u00e8 determinata a superare i ritardi della precedente Giunta sui problemi della Maddalena, cos\u00ec come previsto nel grande progetto originario per il rilancio dell\u2019isola e dell\u2019arcipelago\u201d.<\/p>\n<p>Lo ha detto l\u2019assessore dell\u2019Industria, Maria Grazia Piras, incontrando a La Maddalena il sindaco Angelo Comiti, alcuni amministratori e consiglieri comunali, una delegazione di imprenditori della cantieristica nautica e i rappresentanti di un comitato spontaneo di cittadini.<\/p>\n<p>\u201cLa vicenda dell\u2019ex arsenale - ha detto l\u2019assessore Piras dopo aver visitato il complesso - \u00e8 a dir poco scandalosa. La Regione sta lavorando perch\u00e9 si trovi al pi\u00f9 presto una soluzione. Agiremo nel pi\u00f9 breve tempo possibile in sintonia con gli assessorati che hanno competenza specifica.<\/p>\n<p>La Maddalena ha bisogno urgente delle bonifiche nel porto dell\u2019ex arsenale, e non \u00e8 pi\u00f9 rinviabile una risposta sull\u2019utilizzo delle aree, da anni in abbandono, che avrebbero dovuto ospitare gli incontri del G8 poi trasferiti a L\u2019Aquila. Ci sono procedure, anche di pertinenza della Regione, che hanno bisogno di una accelerazione. Ci impegniamo perch\u00e9 non si accumulino ulteriori ritardi\u201d, ha concluso l'esponente della Giunta Pigliaru.&nbsp;&nbsp;&nbsp;&nbsp;&nbsp;&nbsp;&nbsp;&nbsp;&nbsp; <\/p>\n","protected":false},"excerpt":{"rendered":"<p>\u201cLa Regione \u00e8 determinata a superare i ritardi della precedente Giunta sui problemi della Maddalena, cos\u00ec come previsto nel grande progetto originario per il rilancio&#8230;<\/p>\n","protected":false},"author":2,"featured_media":0,"comment_status":"closed","ping_status":"closed","sticky":false,"template":"","format":"standard","meta":[],"categories":[49],"tags":[],"_links":{"self":[{"href":"https:\/\/www.cronacaonline.it\/index.php\/wp-json\/wp\/v2\/posts\/114548"}],"collection":[{"href":"https:\/\/www.cronacaonline.it\/index.php\/wp-json\/wp\/v2\/posts"}],"about":[{"href":"https:\/\/www.cronacaonline.it\/index.php\/wp-json\/wp\/v2\/types\/post"}],"author":[{"embeddable":true,"href":"https:\/\/www.cronacaonline.it\/index.php\/wp-json\/wp\/v2\/users\/2"}],"replies":[{"embeddable":true,"href":"https:\/\/www.cronacaonline.it\/index.php\/wp-json\/wp\/v2\/comments?post=114548"}],"version-history":[{"count":0,"href":"https:\/\/www.cronacaonline.it\/index.php\/wp-json\/wp\/v2\/posts\/114548\/revisions"}],"wp:attachment":[{"href":"https:\/\/www.cronacaonline.it\/index.php\/wp-json\/wp\/v2\/media?parent=114548"}],"wp:term":[{"taxonomy":"category","embeddable":true,"href":"https:\/\/www.cronacaonline.it\/index.php\/wp-json\/wp\/v2\/categories?post=114548"},{"taxonomy":"post_tag","embeddable":true,"href":"https:\/\/www.cronacaonline.it\/index.php\/wp-json\/wp\/v2\/tags?post=114548"}],"curies":[{"name":"wp","href":"https:\/\/api.w.org\/{rel}","templated":true}]}}