{"id":114528,"date":"2015-02-11T17:20:52","date_gmt":"2015-02-11T16:20:52","guid":{"rendered":"http:\/\/www.cronacaonline.it\/public\/content\/index.php\/11\/02\/2015\/comune-di-cagliari--pubblicato-avviso-di-selezione-per-varie-figure-professionali-con-assunzione-a-tempo-pieno-ed-indeterminato-mediante-procedura-di-mobilita-volontaria-esterna-riservata-esc"},"modified":"2015-02-11T17:20:52","modified_gmt":"2015-02-11T16:20:52","slug":"comune-di-cagliari-pubblicato-avviso-di-selezione-per-varie-figure-professionali-con-assunzione-a-tempo-pieno-ed-indeterminato-mediante-procedura-di-mobilita-volontaria-esterna-riservata-esclusivamen","status":"publish","type":"post","link":"https:\/\/www.cronacaonline.it\/index.php\/2015\/02\/11\/comune-di-cagliari-pubblicato-avviso-di-selezione-per-varie-figure-professionali-con-assunzione-a-tempo-pieno-ed-indeterminato-mediante-procedura-di-mobilita-volontaria-esterna-riservata-esclusivamen\/","title":{"rendered":"Comune di Cagliari \u2013 Pubblicato avviso di selezione per varie figure professionali con assunzione a tempo pieno ed indeterminato, mediante procedura di mobilit\u00e0 volontaria esterna, riservata esclusivamente al personale di ruolo delle province e citt\u00e0 metropolitane."},"content":{"rendered":"<p>Pubblicato sul sito istituzionale <a href=\"http:\/\/www.comune.cagliari.it\">www.comune.cagliari.it<\/a> un avviso di selezione per varie figure professionali con assunzione a tempo pieno ed indeterminato, mediante procedura di mobilit\u00e0 volontaria esterna (Art. 30 del Decreto Legislativo 165\/2001), riservata esclusivamente al personale di ruolo delle province e citt\u00e0 metropolitane.<\/p>\n<p>La domande dovranno pervenire, improrogabilmente entro il 12 marzo 2015, con una delle seguenti modalit\u00e0:<\/p>\n<p>recapitata a mano recandosi presso l'Ufficio Protocollo Generale del Comune di Cagliari in Via Crispi, 2 - 09125 Cagliari inviata a mezzo del servizio postale mediante raccomandata con avviso di ricevimento, al seguente indirizzo:Ufficio Protocollo Generale del Comune di Cagliari in Via Crispi, 2 - 09125 Cagliari.Far\u00e0 fede la data di effettiva ricezione da parte del Comune e non quella dell\u2019Ufficio postale accettante.<\/p>\n<p>inviata alla casella di posta elettronica certificata:<br \/><a href=\"mailto:protocollogenerale@comune.cagliari.legalmail.it\">protocollogenerale@comune.cagliari.legalmail.it<\/a><br \/>La domanda con i relativi allegati devono essere inviati in un unico file in formato PDF, unitamente a fotocopia di documento di identit\u00e0 in corso di validit\u00e0 del candidato. Si precisa che la validit\u00e0 di tale invio cos\u00ec come stabilito dalla normativa vigente, \u00e8 subordinata all'utilizzo da parte del candidato di posta elettronica certificata personale. Non sar\u00e0 pertanto ritenuto valido l'invio da casella di posta elettronica semplice\/ordinaria anche se indirizzata all'indirizzo di posta elettronica certificata su indicato.<\/p>\n<p>Per qualsiasi informazione o per richiedere copia del bando rivolgersi al Servizio Sviluppo Organizzativo, Risorse Umane e Politiche del Lavoro - Unit\u00e0 Operativa Dotazione Organica, selezioni, trattamento giuridico del dipendente, Palazzo Civico di Via Roma n. 145, piano 1, ala sinistra.<br \/>Telefono 070 6777019 - 6777060 - 6777085 - 6777272 - Fax 070 6777216 <br \/>e-mail: <a href=\"mailto:assunzioni.personale@comune.cagliari.it\">assunzioni.personale@comune.cagliari.it<\/a>.<\/p>\n","protected":false},"excerpt":{"rendered":"<p>Pubblicato sul sito istituzionale www.comune.cagliari.it un avviso di selezione per varie figure professionali con assunzione a tempo pieno ed indeterminato, mediante procedura di mobilit\u00e0 volontaria&#8230;<\/p>\n","protected":false},"author":2,"featured_media":0,"comment_status":"closed","ping_status":"closed","sticky":false,"template":"","format":"standard","meta":[],"categories":[49],"tags":[],"_links":{"self":[{"href":"https:\/\/www.cronacaonline.it\/index.php\/wp-json\/wp\/v2\/posts\/114528"}],"collection":[{"href":"https:\/\/www.cronacaonline.it\/index.php\/wp-json\/wp\/v2\/posts"}],"about":[{"href":"https:\/\/www.cronacaonline.it\/index.php\/wp-json\/wp\/v2\/types\/post"}],"author":[{"embeddable":true,"href":"https:\/\/www.cronacaonline.it\/index.php\/wp-json\/wp\/v2\/users\/2"}],"replies":[{"embeddable":true,"href":"https:\/\/www.cronacaonline.it\/index.php\/wp-json\/wp\/v2\/comments?post=114528"}],"version-history":[{"count":0,"href":"https:\/\/www.cronacaonline.it\/index.php\/wp-json\/wp\/v2\/posts\/114528\/revisions"}],"wp:attachment":[{"href":"https:\/\/www.cronacaonline.it\/index.php\/wp-json\/wp\/v2\/media?parent=114528"}],"wp:term":[{"taxonomy":"category","embeddable":true,"href":"https:\/\/www.cronacaonline.it\/index.php\/wp-json\/wp\/v2\/categories?post=114528"},{"taxonomy":"post_tag","embeddable":true,"href":"https:\/\/www.cronacaonline.it\/index.php\/wp-json\/wp\/v2\/tags?post=114528"}],"curies":[{"name":"wp","href":"https:\/\/api.w.org\/{rel}","templated":true}]}}