{"id":114522,"date":"2015-02-11T17:20:52","date_gmt":"2015-02-11T16:20:52","guid":{"rendered":"http:\/\/www.cronacaonline.it\/public\/content\/index.php\/11\/02\/2015\/maschere-e-carri-allegorici-per-il-carnevale-stintinese-da-domani-al-via-gli-appuntamenti-tanta-musica-divertimento-e-frittelle-per-tutti"},"modified":"2015-02-11T17:20:52","modified_gmt":"2015-02-11T16:20:52","slug":"maschere-e-carri-allegorici-per-il-carnevale-stintinese-da-domani-al-via-gli-appuntamenti-tanta-musica-divertimento-e-frittelle-per-tutti","status":"publish","type":"post","link":"https:\/\/www.cronacaonline.it\/index.php\/2015\/02\/11\/maschere-e-carri-allegorici-per-il-carnevale-stintinese-da-domani-al-via-gli-appuntamenti-tanta-musica-divertimento-e-frittelle-per-tutti\/","title":{"rendered":"Maschere e carri allegorici per il carnevale stintinese: da domani al via gli appuntamenti, tanta musica, divertimento e frittelle per tutti."},"content":{"rendered":"<p>Quattro giornate per festeggiare il carnevale con balli in maschera per bambini, sfilata di carri con Re Giorgio, frittelle e fave per tutti. Non mancher\u00e0 un pizzico di romanticismo con la serata a tema per San Valentino. E' l'edizione 2015 del Carnevale a Stintino che, organizzato dal Comune e dall'associazione \u201cLa Boh\u00e8me\u201d, prevede quattro appuntamenti, dal 12 al 19 febbraio.<\/p>\n<p>A dare il via alle danze sar\u00e0 l'appuntamento serale del gioved\u00ec grasso, il 12 febbraio, quando alle 20,30, nei locali del ristorante Perla del Golfo, si aprir\u00e0 il ballo in maschera per adulti e bambini. Ad animare la serata lo show di Gavino Lepre e le voci e la musica di Giuseppe Gadau, Marco Rizzi e Salvatore Scala. Non mancheranno le frittelle, le fave, la birra e il vino.<\/p>\n<p>Sabato 14 febbraio, alle ore 16,30, il centro culturale di via Marco Polo ospiter\u00e0 il ballo in maschera per bambini mentre, alle 20,30, i locali del ristorante Capo Falcone ospiteranno la serata a tema speciale su San Valentino. Ad animare la serata saranno, ancora una volta, lo show di Gavino Lepre e le voci e la musica di Giuseppe Gadau, Marco Rizzi e Salvatore Scala.<\/p>\n<p>Marted\u00ec grasso, 17 febbraio, l'appuntamento \u00e8 in piazza dei 45 alle 15 con la sfilata dei carri con Re Giorgio. Alle 20,30, invece, sar\u00e0 anconra una volta grande festa nei locali del ristorante Perla del Golfo con il ballo in maschera. Animazione e con Gavino Lepre, mentre le voci e le chitarre saranno di Giuseppe Gadau, Marco Rizzi e Salvatore Scala.<\/p>\n<p>A salutare il Carnevale 2015, l'ultimo appuntamento di gioved\u00ec 19 febbraio con la Pentolaccia. Per i bambini il divertimento sar\u00e0 al centro culturale alle 16,30 mentre per gli adulti alle 20,30 nei locali del ristorante Capo Falcone, con il dj Riccardo Armato e lo show di Gavino Lepre. Per tutti sono previste frittelle, un bicchiere di vino e di birra.<\/p>\n","protected":false},"excerpt":{"rendered":"<p>Quattro giornate per festeggiare il carnevale con balli in maschera per bambini, sfilata di carri con Re Giorgio, frittelle e fave per tutti. Non mancher\u00e0&#8230;<\/p>\n","protected":false},"author":2,"featured_media":0,"comment_status":"closed","ping_status":"closed","sticky":false,"template":"","format":"standard","meta":[],"categories":[49],"tags":[],"_links":{"self":[{"href":"https:\/\/www.cronacaonline.it\/index.php\/wp-json\/wp\/v2\/posts\/114522"}],"collection":[{"href":"https:\/\/www.cronacaonline.it\/index.php\/wp-json\/wp\/v2\/posts"}],"about":[{"href":"https:\/\/www.cronacaonline.it\/index.php\/wp-json\/wp\/v2\/types\/post"}],"author":[{"embeddable":true,"href":"https:\/\/www.cronacaonline.it\/index.php\/wp-json\/wp\/v2\/users\/2"}],"replies":[{"embeddable":true,"href":"https:\/\/www.cronacaonline.it\/index.php\/wp-json\/wp\/v2\/comments?post=114522"}],"version-history":[{"count":0,"href":"https:\/\/www.cronacaonline.it\/index.php\/wp-json\/wp\/v2\/posts\/114522\/revisions"}],"wp:attachment":[{"href":"https:\/\/www.cronacaonline.it\/index.php\/wp-json\/wp\/v2\/media?parent=114522"}],"wp:term":[{"taxonomy":"category","embeddable":true,"href":"https:\/\/www.cronacaonline.it\/index.php\/wp-json\/wp\/v2\/categories?post=114522"},{"taxonomy":"post_tag","embeddable":true,"href":"https:\/\/www.cronacaonline.it\/index.php\/wp-json\/wp\/v2\/tags?post=114522"}],"curies":[{"name":"wp","href":"https:\/\/api.w.org\/{rel}","templated":true}]}}