{"id":114500,"date":"2015-02-13T17:20:52","date_gmt":"2015-02-13T16:20:52","guid":{"rendered":"http:\/\/www.cronacaonline.it\/public\/content\/index.php\/13\/02\/2015\/istruzione-al-via-il-bando-master-teacher-62-milioni-per-i-corsi-di-formazione"},"modified":"2015-02-13T17:20:52","modified_gmt":"2015-02-13T16:20:52","slug":"istruzione-al-via-il-bando-master-teacher-62-milioni-per-i-corsi-di-formazione","status":"publish","type":"post","link":"https:\/\/www.cronacaonline.it\/index.php\/2015\/02\/13\/istruzione-al-via-il-bando-master-teacher-62-milioni-per-i-corsi-di-formazione\/","title":{"rendered":"Istruzione. Al via il bando Master Teacher. 6,2 milioni per i corsi di formazione"},"content":{"rendered":"<p>Una scuola sempre pi\u00f9 multimediale e connessa con il mondo esterno. Aumentare la diffusione, l\u2019uso e l\u2019accesso delle tecnologie dell\u2019informazione nel sistema scolastico. Questo l\u2019obiettivo dell\u2019assessorato della Pubblica istruzione che, con 6,2 milioni di euro, intende completare con il progetto di formazione Master Teacher (fondi Por Fse 2007\/2013) le attivit\u00e0 gi\u00e0 avviate. L\u2019iniziativa si articola in due fasi.<\/p>\n<p>\u201cLa finalit\u00e0 \u2013 ha detto l\u2019assessore della Pubblica Istruzione Claudia Firino \u2013 \u00e8 quella di formare insegnati all\u2019uso corretto delle lavagne multimediali LIM, strumenti utili per l\u2019elaborazione di contenuti didattici digitali e la conduzione delle attivit\u00e0 in aula con tablet e supporti affini, per potenziare le capacit\u00e0 comunicative attraverso l\u2019introduzione di nuovi linguaggi da sperimentare nella pratica organizzativa ed educativa degli studenti. \u00c8 un primo tassello di un'idea pi\u00f9 ampia del ruolo delle nuove tecnologie come competenza trasversale dei ragazzi che dovr\u00e0 comprendere anche azioni innovative sulla programmazione informatica e deve essere volto alla massima collaborazione e valorizzazione delle esperienze gi\u00e0 sviluppate nelle scuole\u201d.<\/p>\n<p>Le attivit\u00e0 di animazione che i Master Teacher svolgeranno nella propria scuola, o rete di scuole, sono articolate in maniera tale da rispondere alle diverse esigenze organizzative del processo di formazione. E ancora, dovranno favorire la condivisione, lo scambio e i processi di sviluppo professionale sia a livello inter-istituzionale che a livello professionale.<\/p>\n","protected":false},"excerpt":{"rendered":"<p>Una scuola sempre pi\u00f9 multimediale e connessa con il mondo esterno. Aumentare la diffusione, l\u2019uso e l\u2019accesso delle tecnologie dell\u2019informazione nel sistema scolastico. Questo l\u2019obiettivo&#8230;<\/p>\n","protected":false},"author":2,"featured_media":0,"comment_status":"closed","ping_status":"closed","sticky":false,"template":"","format":"standard","meta":[],"categories":[49],"tags":[],"_links":{"self":[{"href":"https:\/\/www.cronacaonline.it\/index.php\/wp-json\/wp\/v2\/posts\/114500"}],"collection":[{"href":"https:\/\/www.cronacaonline.it\/index.php\/wp-json\/wp\/v2\/posts"}],"about":[{"href":"https:\/\/www.cronacaonline.it\/index.php\/wp-json\/wp\/v2\/types\/post"}],"author":[{"embeddable":true,"href":"https:\/\/www.cronacaonline.it\/index.php\/wp-json\/wp\/v2\/users\/2"}],"replies":[{"embeddable":true,"href":"https:\/\/www.cronacaonline.it\/index.php\/wp-json\/wp\/v2\/comments?post=114500"}],"version-history":[{"count":0,"href":"https:\/\/www.cronacaonline.it\/index.php\/wp-json\/wp\/v2\/posts\/114500\/revisions"}],"wp:attachment":[{"href":"https:\/\/www.cronacaonline.it\/index.php\/wp-json\/wp\/v2\/media?parent=114500"}],"wp:term":[{"taxonomy":"category","embeddable":true,"href":"https:\/\/www.cronacaonline.it\/index.php\/wp-json\/wp\/v2\/categories?post=114500"},{"taxonomy":"post_tag","embeddable":true,"href":"https:\/\/www.cronacaonline.it\/index.php\/wp-json\/wp\/v2\/tags?post=114500"}],"curies":[{"name":"wp","href":"https:\/\/api.w.org\/{rel}","templated":true}]}}