{"id":114491,"date":"2015-02-13T17:20:52","date_gmt":"2015-02-13T16:20:52","guid":{"rendered":"http:\/\/www.cronacaonline.it\/public\/content\/index.php\/13\/02\/2015\/peste-suina---a-nuoro-arru-falchi-guidano-la-prima-presentazione-sui-territori-della-campagna-di-eradicazione"},"modified":"2015-02-13T17:20:52","modified_gmt":"2015-02-13T16:20:52","slug":"peste-suina-a-nuoro-arru-falchi-guidano-la-prima-presentazione-sui-territori-della-campagna-di-eradicazione","status":"publish","type":"post","link":"https:\/\/www.cronacaonline.it\/index.php\/2015\/02\/13\/peste-suina-a-nuoro-arru-falchi-guidano-la-prima-presentazione-sui-territori-della-campagna-di-eradicazione\/","title":{"rendered":"Peste suina &#8211; a Nuoro Arru, Falchi guidano la prima presentazione sui territori della campagna di eradicazione"},"content":{"rendered":"<p>Dopo le tappe cagliaritane, sono partiti oggi con Nuoro i primi incontri pubblici sui territori in cui la Giunta Pigliaru ha iniziato a presentare le misure di intervento per sconfiggere la Peste suina africana (Psa) in Sardegna. Il direttore generale della Presidenza della Regione e responsabile dell\u2019Unit\u00e0 di progetto per l\u2019eradicazione della Psa, Alessandro De Martini, ha aperto i lavori dell\u2019incontro \u201cLa peste suina africana si pu\u00f2 sconfiggere\u201d, in cui \u00e8 stato illustrato il nuovo programma di lotta all\u2019epidemia che affligge gli allevamenti sardi da 37 anni. De Martini ha portato i saluti del Presidente Pigliaru e spiegato la forte volont\u00e0 della Giunta nel voler cancellare la malattia dall\u2019isola.<\/p>\n<p>\u201cLa presenza della Psa \u2013 ha spiegato il responsabile dell\u2019Unit\u00e0 di progetto \u2013 ha depresso il settore suinicolo regionale, portando la Sardegna ad essere un grande importatore. Debellare l\u2019epidemia vuol dire quindi aprire numerose occasioni di forte sviluppo per l\u2019economia agroalimentare sarda, che tanto pu\u00f2 costruire nei mercati dell\u2019export\u201d.<\/p>\n<p>All\u2019iniziativa sono intervenuti gli assessori della Sanit\u00e0 e dell\u2019Agricoltura, Luigi Arru ed Elisabetta Falchi, il capo di gabinetto dell\u2019assessorato della Sanit\u00e0, Gianni Salis, la veterinaria del servizio zootecnico dell\u2019agenzia regionale LAORE, Daniela Sardo (in sostituzione del direttore generale dell\u2019Agricoltura, Sebastiano Piredda), e il funzionario dell\u2019assessorato dell\u2019Ambiente, Davide Brugnone. Hanno poi preso la parola il consulente dell\u2019Unit\u00e0 di progetto e professore di Sanit\u00e0 animale dell\u2019universit\u00e0 di Madrid, Jos\u00e8 Manuel S\u00e0nchez-Vizcaino, e il componente della direzione generale della Sanit\u00e0 della Commissione europea, Alberto Laddomada. Olivia Bessi, del ministero della Salute, ha seguito gli interventi in collegamento Skype da Roma, augurando un buon lavoro e una buona riuscita all\u2019Unit\u00e0 di progetto. Numerosi sono poi stati gli interventi dal pubblico.<\/p>\n<p>\u201cCome Regione puntiamo sull\u2019agroalimentare di qualit\u00e0, che possiamo raggiungere garantendo il benessere dei nostri animali\u201d. Cos\u00ec l\u2019assessore Falchi che ha aggiunto: \u201cDobbiamo lavorare sull\u2019emersione dei soggetti che praticano l\u2019allevamento con animali non regolari. Per questo abbiamo iniziato a costruire percorsi che favoriscono tale passaggio: partiamo con il benessere animale per il suino, simile a quello gi\u00e0 esistente per gli ovini. Si tratta di una misura completamente nuova, che sar\u00e0 operativa nel momento in cui giunger\u00e0 da Bruxelles il via libera\u201d. Sempre la titolare dell\u2019Agricoltura ha spiegato che per il futuro gli \u201callevatori dovranno tenere gli animali confinati e seguirli con regimi alimentari particolari\u201d. <\/p>\n<p>La Regione far\u00e0 la sua parte destinando, per iniziare, 10 milioni di euro per la costruzione dei recinti che verranno finanziati sempre con il via libera della Commissione europea sul benessere animale. \u201cIntanto \u2013 ha concluso Falchi \u2013 continuiamo con il percorso, gi\u00e0 avviato, di formazione e informazione nei territori per far capire le opportunit\u00e0 positive che pu\u00f2 portare a tutta l\u2019economia delle campagne sarde l\u2019eradicazione della Psa, perch\u00e9 allevare in biosicurezza non \u00e8 impossibile. Le carni suine o il maialetto sardo hanno una storia che si pu\u00f2 vendere in tutto il mondo, dobbiamo crederci e dobbiamo lavorare per raggiungere l\u2019obiettivo sfruttando anche il nuovo Marchio qualit\u00e0 su cui stiamo lavorando per definire i disciplinari\u201d.<\/p>\n<p>L\u2019assessore della Sanit\u00e0, Luigi Arru, ha ringraziato il ministro della Salute, Beatrice Lorenzin, per l\u2019apertura di credito e per la fiducia data alla Sardegna, che fino a pochi mesi fa rischiava il commissariamento per i pessimi risultati e la cattiva gestione delle politiche di eradicazione della Psa collezionati nel passato. \u201cL\u2019incontro di oggi \u00e8 il primo passo di una serie di iniziative che terremo sui territori \u2013 ha detto l\u2019esponente della Giunta Pigliaru \u2013 io, l\u2019intero esecutivo, tutti noi, ci stiamo mettendo la faccia perch\u00e9 la Sardegna deve dare una risposta di credibilit\u00e0 al governo e all\u2019Unione europea. Si tratta di un impegno di mandato che portiamo avanti insieme agli assessorati dell\u2019Agricoltura, dell\u2019Ambiente e al Presidente Pigliaru. Fino a oggi purtroppo abbiamo fatto l\u2019errore di litigare fra noi, di dividerci e di perderci per strada. Da adesso in poi cambiamo strada: confrontiamoci, bisticciamo, ma poi andiamo avanti verso l\u2019obiettivo\u201d. Il titolare della Sanit\u00e0 ha poi concluso con un invito alla collaborazione fra politica, di maggioranza o opposizione, fra gli allevatori e i veterinari. \u201cSe perdiamo questa battaglia \u2013 ha ribadito Arru \u2013 la Sardegna sar\u00e0 commissariata e ci penser\u00e0 il governo o l\u2019Europa a gestire il problema. Da oggi in poi quindi diamoci del \u201cnoi\u201d e tutti assieme puntiamo verso il traguardo\u201d.<\/p>\n<p>Un intervento carico di ottimismo e responsabilit\u00e0 quello di Jos\u00e8 Manuel S\u00e0nchez-Vizcaino. \u201c\u00c8 la prima volta che trovo una vera volont\u00e0 per eradicare la Psa in Sardegna \u2013 ha osservato il consulente dell\u2019Unit\u00e0 di progetto - Non esiste una ricetta unica per debellare l\u2019epidemia, ma esiste una soluzione per ogni luogo e questa \u00e8 la prima volta che si prepara una ricetta pensando alla Sardegna\u201d. I risultati, ha aggiunto Vizcaino, si possono raggiungere solo con una \u201cforte collaborazione fra allevatori e veterinari, perch\u00e9 altrimenti anche la tecnologia pi\u00f9 avanzata non sar\u00e0 sufficiente per sconfiggere la malattia\u201d.<\/p>\n<p>Su come vedono la situazione sarda in Europa \u00e8 stato utile ascoltare il resoconto del componente della direzione generale della Sanit\u00e0 in Commissione europea, Alberto Laddomada. \u201cA Bruxelles sono arrivati segnali positivi, dovuti soprattutto alla volont\u00e0 politica \u2013 ha detto Laddomada \u2013 ma la Sardegna rimane comunque un\u2019osservata speciale e saranno molto attenti nel vedere come andr\u00e0 a finire anche per il benessere animale ai suini\u201d. Rivolgendosi ai partecipanti che affollavano la sala, l\u2019esperto dell\u2019UE ha aggiungo: \u201cI prossimi anni saranno difficili, lavoriamo assieme avendo pazienza, senza attaccare la Giunta alla prima difficolt\u00e0, perch\u00e9 in questo cammino si faranno anche degli sbagli, ma sar\u00e0 il risultato a fare la differenza\u201d.<\/p>\n","protected":false},"excerpt":{"rendered":"<p>Dopo le tappe cagliaritane, sono partiti oggi con Nuoro i primi incontri pubblici sui territori in cui la Giunta Pigliaru ha iniziato a presentare le&#8230;<\/p>\n","protected":false},"author":2,"featured_media":0,"comment_status":"closed","ping_status":"closed","sticky":false,"template":"","format":"standard","meta":[],"categories":[49],"tags":[],"_links":{"self":[{"href":"https:\/\/www.cronacaonline.it\/index.php\/wp-json\/wp\/v2\/posts\/114491"}],"collection":[{"href":"https:\/\/www.cronacaonline.it\/index.php\/wp-json\/wp\/v2\/posts"}],"about":[{"href":"https:\/\/www.cronacaonline.it\/index.php\/wp-json\/wp\/v2\/types\/post"}],"author":[{"embeddable":true,"href":"https:\/\/www.cronacaonline.it\/index.php\/wp-json\/wp\/v2\/users\/2"}],"replies":[{"embeddable":true,"href":"https:\/\/www.cronacaonline.it\/index.php\/wp-json\/wp\/v2\/comments?post=114491"}],"version-history":[{"count":0,"href":"https:\/\/www.cronacaonline.it\/index.php\/wp-json\/wp\/v2\/posts\/114491\/revisions"}],"wp:attachment":[{"href":"https:\/\/www.cronacaonline.it\/index.php\/wp-json\/wp\/v2\/media?parent=114491"}],"wp:term":[{"taxonomy":"category","embeddable":true,"href":"https:\/\/www.cronacaonline.it\/index.php\/wp-json\/wp\/v2\/categories?post=114491"},{"taxonomy":"post_tag","embeddable":true,"href":"https:\/\/www.cronacaonline.it\/index.php\/wp-json\/wp\/v2\/tags?post=114491"}],"curies":[{"name":"wp","href":"https:\/\/api.w.org\/{rel}","templated":true}]}}