{"id":114486,"date":"2015-02-13T17:20:52","date_gmt":"2015-02-13T16:20:52","guid":{"rendered":"http:\/\/www.cronacaonline.it\/public\/content\/index.php\/13\/02\/2015\/pecorino-romano-falchi-pronti-ad-avviare-percorso-per-regolamentare-produzioni"},"modified":"2015-02-13T17:20:52","modified_gmt":"2015-02-13T16:20:52","slug":"pecorino-romano-falchi-pronti-ad-avviare-percorso-per-regolamentare-produzioni","status":"publish","type":"post","link":"https:\/\/www.cronacaonline.it\/index.php\/2015\/02\/13\/pecorino-romano-falchi-pronti-ad-avviare-percorso-per-regolamentare-produzioni\/","title":{"rendered":"Pecorino romano: Falchi, pronti ad avviare percorso per regolamentare produzioni"},"content":{"rendered":"<p>Si \u00e8 tenuto oggi, nella sede di Argea a Santa Giusta (Oristano) il secondo incontro sulla filiera del latte ovino promosso e coordinato dall\u2019assessore dell\u2019Agricoltura, Elisabetta Falchi. Al faccia a faccia hanno partecipato i maggiori attori del comparto: industriali, mondo della cooperazione, associazioni di categoria e consorzi di tutela dei formaggi dop (pecorino romano, sardo e fiore sardo). Tanti i temi sul tavolo: andamento del prezzo del latte, raccolta dei dati di produzione dei formaggi, costituzione della filiera, credito, Expo2015 e internazionalizzazione.<\/p>\n<p>\u201cLa novit\u00e0 di oggi \u00e8 che la Regione Sardegna \u00e8 pronta, grazie al lavoro fatto dal Consorzio di tutela del pecorino romano rappresentato da Renato Illotto, ad avviare formalmente il percorso per la regolazione dell\u2019offerta produttiva prevista dal regolamento comunitario CE 261\/2012\u201d. Lo ha detto l\u2019assessore Falchi che ha aggiunto: \u201cSi tratta di un passaggio importante per la programmazione del comparto produttivo lattiero caseario\u201d. Un obiettivo importante quindi che potrebbe stabilizzare il prezzo del formaggio, compatibilmente con gli andamenti del mercato.<\/p>\n<p>\u201cContestualmente sar\u00e0 affrontato, dopo aver raccolto ed esaminato tutti i dati, il tema della destinazione delle eccedenze del latte che non vengono utilizzate per il romano. I lavori proseguiranno in tavoli specifici nei quali si affronteranno le singole tematiche emerse nel confronto di oggi. Partiremo subito dalla modifica dei disciplinari di produzione, che devono puntare sempre pi\u00f9 a valorizzare la qualit\u00e0\u201d. Cos\u00ec ha concluso l\u2019esponente della Giunta Pigliaru.<\/p>\n","protected":false},"excerpt":{"rendered":"<p>Si \u00e8 tenuto oggi, nella sede di Argea a Santa Giusta (Oristano) il secondo incontro sulla filiera del latte ovino promosso e coordinato dall\u2019assessore dell\u2019Agricoltura,&#8230;<\/p>\n","protected":false},"author":2,"featured_media":0,"comment_status":"closed","ping_status":"closed","sticky":false,"template":"","format":"standard","meta":[],"categories":[49],"tags":[],"_links":{"self":[{"href":"https:\/\/www.cronacaonline.it\/index.php\/wp-json\/wp\/v2\/posts\/114486"}],"collection":[{"href":"https:\/\/www.cronacaonline.it\/index.php\/wp-json\/wp\/v2\/posts"}],"about":[{"href":"https:\/\/www.cronacaonline.it\/index.php\/wp-json\/wp\/v2\/types\/post"}],"author":[{"embeddable":true,"href":"https:\/\/www.cronacaonline.it\/index.php\/wp-json\/wp\/v2\/users\/2"}],"replies":[{"embeddable":true,"href":"https:\/\/www.cronacaonline.it\/index.php\/wp-json\/wp\/v2\/comments?post=114486"}],"version-history":[{"count":0,"href":"https:\/\/www.cronacaonline.it\/index.php\/wp-json\/wp\/v2\/posts\/114486\/revisions"}],"wp:attachment":[{"href":"https:\/\/www.cronacaonline.it\/index.php\/wp-json\/wp\/v2\/media?parent=114486"}],"wp:term":[{"taxonomy":"category","embeddable":true,"href":"https:\/\/www.cronacaonline.it\/index.php\/wp-json\/wp\/v2\/categories?post=114486"},{"taxonomy":"post_tag","embeddable":true,"href":"https:\/\/www.cronacaonline.it\/index.php\/wp-json\/wp\/v2\/tags?post=114486"}],"curies":[{"name":"wp","href":"https:\/\/api.w.org\/{rel}","templated":true}]}}