{"id":114485,"date":"2015-02-13T17:20:52","date_gmt":"2015-02-13T16:20:52","guid":{"rendered":"http:\/\/www.cronacaonline.it\/public\/content\/index.php\/13\/02\/2015\/trasporti-saremar-deiana-garantire-continuita-servizio-e-salvaguardare-posti-di-lavoro"},"modified":"2015-02-13T17:20:52","modified_gmt":"2015-02-13T16:20:52","slug":"trasporti-saremar-deiana-garantire-continuita-servizio-e-salvaguardare-posti-di-lavoro","status":"publish","type":"post","link":"https:\/\/www.cronacaonline.it\/index.php\/2015\/02\/13\/trasporti-saremar-deiana-garantire-continuita-servizio-e-salvaguardare-posti-di-lavoro\/","title":{"rendered":"Trasporti, Saremar. Deiana: garantire continuit\u00e0 servizio e salvaguardare posti di lavoro"},"content":{"rendered":"<p>\"Garantire la continuit\u00e0 del servizio e se possibile migliorarlo e salvaguardare i 181 posti di lavoro dei dipendenti Saremar attraverso forme di incentivazione all'assorbimento. Sono queste le priorit\u00e0 che la Regione si \u00e8 posta all'indomani della sentenza del Tribunale Civile di Cagliari che impone il concordato preventivo liquidatorio per la societ\u00e0 marittima regionale\". Lo dice l'assessore dei Trasporti Massimo Deiana nel corso del Consiglio comunale aperto alla cittadinanza convocato stasera a Carloforte per affrontare la vicenda della compagnia sarda.<\/p>\n<p>\"Un altro aspetto decisivo - continua l'assessore - sar\u00e0 quello di consentire alla Regione e alle comunit\u00e0 locali un ruolo da protagonisti nel momento in cui si stiler\u00e0 il nuovo contratto di servizio per i collegamenti con le isole minori. Oggi, e ieri a La Maddalena, abbiamo aperto un percorso condiviso con i territori maggiormente interessati dall'attivit\u00e0 di Saremar per poter entrare nel merito delle tariffe, degli orari, della qualit\u00e0\".<\/p>\n<p>Massimo Deiana, nel ricordare che la Regione ha stanziato le risorse necessarie per la prosecuzione dell'attivit\u00e0 della societ\u00e0 di navigazione sino al 31 dicembre di quest'anno, ha rimarcato che il bando per affidare i servizi di collegamento aperto a tutti gli armatori comunitari sar\u00e0 pubblicato entro l'estate per scongiurare anche un solo giorno di interruzione dei collegamenti. \"Riguardo alla partecipazione finanziaria della Regione nell'ambito di una societ\u00e0 mista pubblico-privato, sottolineo che si tratta di una delle opzioni su cui stiamo lavorando.- conclude l'assessore - ma che questo non \u00e8 il profilo centrale della questione, piuttosto sar\u00e0 invece&nbsp; fondamentale selezionare un operatore efficiente attraverso procedure pubbliche e trasparenti e mettere sul tavolo un ottimo contratto di servizio che tuteli il diritto alla mobilit\u00e0 dei sardi\".<\/p>\n","protected":false},"excerpt":{"rendered":"<p>&#8220;Garantire la continuit\u00e0 del servizio e se possibile migliorarlo e salvaguardare i 181 posti di lavoro dei dipendenti Saremar attraverso forme di incentivazione all&#8217;assorbimento. Sono&#8230;<\/p>\n","protected":false},"author":2,"featured_media":0,"comment_status":"closed","ping_status":"closed","sticky":false,"template":"","format":"standard","meta":[],"categories":[49],"tags":[],"_links":{"self":[{"href":"https:\/\/www.cronacaonline.it\/index.php\/wp-json\/wp\/v2\/posts\/114485"}],"collection":[{"href":"https:\/\/www.cronacaonline.it\/index.php\/wp-json\/wp\/v2\/posts"}],"about":[{"href":"https:\/\/www.cronacaonline.it\/index.php\/wp-json\/wp\/v2\/types\/post"}],"author":[{"embeddable":true,"href":"https:\/\/www.cronacaonline.it\/index.php\/wp-json\/wp\/v2\/users\/2"}],"replies":[{"embeddable":true,"href":"https:\/\/www.cronacaonline.it\/index.php\/wp-json\/wp\/v2\/comments?post=114485"}],"version-history":[{"count":0,"href":"https:\/\/www.cronacaonline.it\/index.php\/wp-json\/wp\/v2\/posts\/114485\/revisions"}],"wp:attachment":[{"href":"https:\/\/www.cronacaonline.it\/index.php\/wp-json\/wp\/v2\/media?parent=114485"}],"wp:term":[{"taxonomy":"category","embeddable":true,"href":"https:\/\/www.cronacaonline.it\/index.php\/wp-json\/wp\/v2\/categories?post=114485"},{"taxonomy":"post_tag","embeddable":true,"href":"https:\/\/www.cronacaonline.it\/index.php\/wp-json\/wp\/v2\/tags?post=114485"}],"curies":[{"name":"wp","href":"https:\/\/api.w.org\/{rel}","templated":true}]}}