{"id":114476,"date":"2015-02-14T17:20:52","date_gmt":"2015-02-14T16:20:52","guid":{"rendered":"http:\/\/www.cronacaonline.it\/public\/content\/index.php\/14\/02\/2015\/quirinale--il-settennato-di-mattarella-comincia-allinsegna-della-sobrieta-a-palermo-con-volo-di-linea-alitalia-e-scorta-ridotta-al-minimo"},"modified":"2015-02-14T17:20:52","modified_gmt":"2015-02-14T16:20:52","slug":"quirinale-il-settennato-di-mattarella-comincia-allinsegna-della-sobrieta-a-palermo-con-volo-di-linea-alitalia-e-scorta-ridotta-al-minimo","status":"publish","type":"post","link":"https:\/\/www.cronacaonline.it\/index.php\/2015\/02\/14\/quirinale-il-settennato-di-mattarella-comincia-allinsegna-della-sobrieta-a-palermo-con-volo-di-linea-alitalia-e-scorta-ridotta-al-minimo\/","title":{"rendered":"Quirinale \u2013 Il settennato di Mattarella comincia all\u2019insegna della sobriet\u00e0: a Palermo con volo di linea Alitalia e scorta ridotta al minimo."},"content":{"rendered":"<p>E' la prima volta che un capo di Stato preferisce un volo civile a un volo di Stato. Il presidente della Repubblica Sergio Mattarella ha lasciato Roma per recarsi in visita privata a Palermo con un volo di linea Alitalia da Fiumicino.<\/p>\n<p>L'ingresso del presidente Mattarella, arrivato in auto nello scalo romano, ha suscitato sorpresa e curiosit\u00e0 da parte dei molti passeggeri che stazionavano nella hall del terminal 1. Assai rigido il cordone di sicurezza, composto dalla polizia e da altre forze dell'ordine. Una volta entrato all'interno della sala transiti, Mattarella \u00e8 stato fatto accomodare in una sala riservata dove sta attendendo, lontano da occhi indiscreti, e sempre con un nutrito dispiegamento di sicurezza, l'imbarco sul volo di linea dell'Alitalia diretto nel capoluogo siciliano.<\/p>\n<p>Questa visita di Mattarella a Palermo, la sua citt\u00e0 natale, \u00e8 la prima fuori Roma da quando circa due settimane fa \u00e8 stato eletto presidente della Repubblica. Con tutta probabilit\u00e0 il presidente si recher\u00e0 a Castellammare del Golfo dove dovrebbe visitare la tomba di famiglia nella quale riposano sia la moglie sia il fratello Piersanti, ucciso dalla mafia<\/p>\n","protected":false},"excerpt":{"rendered":"<p>E&#8217; la prima volta che un capo di Stato preferisce un volo civile a un volo di Stato. Il presidente della Repubblica Sergio Mattarella ha&#8230;<\/p>\n","protected":false},"author":2,"featured_media":0,"comment_status":"closed","ping_status":"closed","sticky":false,"template":"","format":"standard","meta":[],"categories":[49],"tags":[],"_links":{"self":[{"href":"https:\/\/www.cronacaonline.it\/index.php\/wp-json\/wp\/v2\/posts\/114476"}],"collection":[{"href":"https:\/\/www.cronacaonline.it\/index.php\/wp-json\/wp\/v2\/posts"}],"about":[{"href":"https:\/\/www.cronacaonline.it\/index.php\/wp-json\/wp\/v2\/types\/post"}],"author":[{"embeddable":true,"href":"https:\/\/www.cronacaonline.it\/index.php\/wp-json\/wp\/v2\/users\/2"}],"replies":[{"embeddable":true,"href":"https:\/\/www.cronacaonline.it\/index.php\/wp-json\/wp\/v2\/comments?post=114476"}],"version-history":[{"count":0,"href":"https:\/\/www.cronacaonline.it\/index.php\/wp-json\/wp\/v2\/posts\/114476\/revisions"}],"wp:attachment":[{"href":"https:\/\/www.cronacaonline.it\/index.php\/wp-json\/wp\/v2\/media?parent=114476"}],"wp:term":[{"taxonomy":"category","embeddable":true,"href":"https:\/\/www.cronacaonline.it\/index.php\/wp-json\/wp\/v2\/categories?post=114476"},{"taxonomy":"post_tag","embeddable":true,"href":"https:\/\/www.cronacaonline.it\/index.php\/wp-json\/wp\/v2\/tags?post=114476"}],"curies":[{"name":"wp","href":"https:\/\/api.w.org\/{rel}","templated":true}]}}