{"id":114468,"date":"2015-02-16T17:20:52","date_gmt":"2015-02-16T16:20:52","guid":{"rendered":"http:\/\/www.cronacaonline.it\/public\/content\/index.php\/16\/02\/2015\/terrore-isis-in-libia-arrivati-in-sicilia-italiani-rimpatriati-usa-urge-una-soluzione-politica"},"modified":"2015-02-16T17:20:52","modified_gmt":"2015-02-16T16:20:52","slug":"terrore-isis-in-libia-arrivati-in-sicilia-italiani-rimpatriati-usa-urge-una-soluzione-politica","status":"publish","type":"post","link":"https:\/\/www.cronacaonline.it\/index.php\/2015\/02\/16\/terrore-isis-in-libia-arrivati-in-sicilia-italiani-rimpatriati-usa-urge-una-soluzione-politica\/","title":{"rendered":"Terrore Isis In Libia: arrivati in Sicilia italiani rimpatriati. Usa: &#8220;urge una soluzione politica&#8221;."},"content":{"rendered":"<p>Il primo a sbarcare \u00e8 Salvatore, siracusano. Fa segno di aver ricevuto l'invito a non parlare, poi si lascia andare e aggiunge che \u00e8 da tempo che l'Isis ha raggiunto Tripoli, che la situazione \u00e8 critica. Dei circa 200 italiani che erano in Libia la met\u00e0 ha deciso di rimanere mentre gli altri sono sbarcati questa notte nel porto siracusano di Augusta, blindato. Sono partiti per paura, perch\u00e9 in strada si respira aria di guerra. Dopo le minacce del Califfato all'Italia \"crociata\" e la disponibilit\u00e0 del governo \"a fare la propria parte in una missione Onu\" - piano che ha ricevuto anche il plauso di Silvio Berlusconi - gioved\u00ec il ministro degli Esteri Paolo Gentiloni riferir\u00e0 in Parlamento sulla questione libica.<\/p>\n<p>Gli italiani evacuati della Libia sono arrivati intorno all'1.00 di notte a bordo del catamarano San Gwann della compagnia maltese Virtu Ferries. Ad attenderli un posto blindatissimo e tre autobus che probabilmente li hanno accompagnati nella base aerea di Sigonella, in provincia di Catania. L'intera operazione, dalle fasi di imbarco fino all'arrivo in Italia \u00e8 stato scortato da Predator dell'aeronautica Militare - gli stessi usati nei teatri di guerra all'estero - e da una nave della Marina.<\/p>\n<p>L'esecuzione - e il video del terrore - dei 21 cristiani copti egiziani da parte degli uomini del Califfo. La presa di Sirte. L'Italia che si trova ad evacuare i propri cittadini dalla Libia. E' con preoccupazione che la Casa Bianca condanna in una nota \"l'odioso atto\" e sottolinea la necessit\u00e0, urgente, di trovare una soluzione politica per il conflitto che dalla morte di Gheddafi infiamma la Libia.<\/p>\n<p>L'orrore \u00e8 gi\u00e0 nel titolo: \"Un messaggio firmato con il sangue alla nazione della croce\". Gli ostaggi, i 21 cristiani copti sgozzati, si vedono camminare sulla spiaggia in tuta arancione finch\u00e9 le acque del Mediterraneo non si tingono di rosso: \"Avete buttato il corpo di Osama bin Laden in mare - dice una voce fuori campo - mischieremo il suo sangue con il vostro\". In coda anche una minaccia rivolta all'Italia: \"Di recente ci avete visti sulle colline della Siria, oggi siamo a sud di Roma... Libia\".<\/p>\n<p>All'indomani delle minacce dell'Isis, il ministro degli Esteri Paolo Gentiloni e la titolare della Difesa Roberta Pinotti si erano detti pronti a guidare una missione Onu in Libia. Il premier Matteo Renzi ha poi dettato la linea: l'Italia \u00e8 pronta ad agire \"nel quadro delle decisioni delle Nazioni Unite\u201d. Gioved\u00ec Gentiloni riferir\u00e0 in Parlamento.<\/p>\n<p>La tensione del Paese \u00e8 evidente anche nei suoi mari: a 50 miglia dalla capitale l'equipaggio di una motovedetta della Guardia Costiera che stava soccorrendo dei migranti \u00e8 stato avvicinato da quattro uomini armati su una piccola barca e costretto a lasciare loro l'imbarcazione, poi usata dagli scafisti.<\/p>\n<p>Dei circa 200 che abitavano o si trovavano in Libia, la met\u00e0 ha preso la via del ritorno. Ma chi sono gli italiani che vivono in Libia? In maggioranza si tratta di personale - tecnici, dirigenti e amministrativi - delle aziende che hanno mantenuto una presenza nell'ex Paese di Gheddafi. Finch\u00e9 rimasta aperta, ultimo presidio occidentale, c'era il personale dell'ambasciata di Tripoli. E poi una piccola comunit\u00e0 di italo-libici che affonda le proprie radici nel passato coloniale.<\/p>\n<p>Le bandiere nere segnano i luoghi in mano agli uomini di al Baghdadi. Oltre al Califfato di Derna, come lo hanno ribattezzato, hanno preso Sirte e si stanno spingendo verso ovest. Secondo fonti libiche vicine al Governo e al Parlamento di Tobruk, riconosciuti dalla comunit\u00e0 internazionale, \"le bandiere nere dell'Isis sono gi\u00e0 a Tripoli, si vedono sventolare dalle macchine che si aggirano nella capitale libica: prima erano poche, nascoste, adesso si stanno moltiplicando e la situazione \u00e8 gravissima\". <\/p>\n","protected":false},"excerpt":{"rendered":"<p>Il primo a sbarcare \u00e8 Salvatore, siracusano. Fa segno di aver ricevuto l&#8217;invito a non parlare, poi si lascia andare e aggiunge che \u00e8 da&#8230;<\/p>\n","protected":false},"author":2,"featured_media":0,"comment_status":"closed","ping_status":"closed","sticky":false,"template":"","format":"standard","meta":[],"categories":[49],"tags":[],"_links":{"self":[{"href":"https:\/\/www.cronacaonline.it\/index.php\/wp-json\/wp\/v2\/posts\/114468"}],"collection":[{"href":"https:\/\/www.cronacaonline.it\/index.php\/wp-json\/wp\/v2\/posts"}],"about":[{"href":"https:\/\/www.cronacaonline.it\/index.php\/wp-json\/wp\/v2\/types\/post"}],"author":[{"embeddable":true,"href":"https:\/\/www.cronacaonline.it\/index.php\/wp-json\/wp\/v2\/users\/2"}],"replies":[{"embeddable":true,"href":"https:\/\/www.cronacaonline.it\/index.php\/wp-json\/wp\/v2\/comments?post=114468"}],"version-history":[{"count":0,"href":"https:\/\/www.cronacaonline.it\/index.php\/wp-json\/wp\/v2\/posts\/114468\/revisions"}],"wp:attachment":[{"href":"https:\/\/www.cronacaonline.it\/index.php\/wp-json\/wp\/v2\/media?parent=114468"}],"wp:term":[{"taxonomy":"category","embeddable":true,"href":"https:\/\/www.cronacaonline.it\/index.php\/wp-json\/wp\/v2\/categories?post=114468"},{"taxonomy":"post_tag","embeddable":true,"href":"https:\/\/www.cronacaonline.it\/index.php\/wp-json\/wp\/v2\/tags?post=114468"}],"curies":[{"name":"wp","href":"https:\/\/api.w.org\/{rel}","templated":true}]}}