{"id":114450,"date":"2015-02-17T17:20:52","date_gmt":"2015-02-17T16:20:52","guid":{"rendered":"http:\/\/www.cronacaonline.it\/public\/content\/index.php\/17\/02\/2015\/audit-energetici-nelle-imprese-da-obbligo-normativo-a-fattore-di-successo-seminario-dello-sportello-energia-di-sardegna-ricerche-per-presentare-i-nuovi-microincentivi-per-le-imprese"},"modified":"2015-02-17T17:20:52","modified_gmt":"2015-02-17T16:20:52","slug":"audit-energetici-nelle-imprese-da-obbligo-normativo-a-fattore-di-successo-seminario-dello-sportello-energia-di-sardegna-ricerche-per-presentare-i-nuovi-microincentivi-per-le-imprese","status":"publish","type":"post","link":"https:\/\/www.cronacaonline.it\/index.php\/2015\/02\/17\/audit-energetici-nelle-imprese-da-obbligo-normativo-a-fattore-di-successo-seminario-dello-sportello-energia-di-sardegna-ricerche-per-presentare-i-nuovi-microincentivi-per-le-imprese\/","title":{"rendered":"Audit energetici nelle imprese: da obbligo normativo a fattore di successo: seminario dello Sportello Energia di Sardegna Ricerche per presentare i nuovi \u201cmicroincentivi\u201d per le imprese"},"content":{"rendered":"<p>Hotel Regina Margherita, viale Regina Margherita, 44 - ore 9:30-13:30<br \/>Gioved\u00ec 19 febbraio, presso l'Hotel Regina Margherita di Cagliari, si terr\u00e0 il seminario \"Audit energetici nelle imprese: da obbligo normativo a fattore di successo\". L'evento \u00e8 organizzato dallo Sportello Energia di Sardegna Ricerche con il patrocinio dell'Ordine degli Ingegneri della Provincia di Cagliari.<\/p>\n<p>Nel corso della mattinata saranno discusse le opportunit\u00e0 derivanti da un buon check-up energetico, le tecniche e le tipiche modalit\u00e0 di finanziamento. Sar\u00e0 presentato inoltre, il Decreto legislativo 102\/2014 che riconosce alla diagnosi energetica e ai sistemi di qualit\u00e0 nella gestione dell'energia un ruolo decisivo per il miglioramento delle prestazioni energetiche delle imprese, con l'obiettivo di evidenziare ostacoli e opportunit\u00e0 legati alla diffusione di tali strumenti nelle piccole e medie imprese.<\/p>\n<p>L'evento sar\u00e0 l'occasione per il lancio del bando \"Microincentivi per check-up energetici nelle imprese\", con cui Sardegna Ricerche mira ad agevolare le imprese regionali nell'acquisizione di servizi di consulenza per la redazione di check-up energetici. Il contributo massimo erogabile per ciascuna impresa, \u00e8 pari a 4000 euro.<\/p>\n<p>La partecipazione al seminario \u00e8 libera e gratuita, ma \u00e8 necessario registrarsi sul sito dello Sportello Energia, all\u2019indirizzo <a href=\"http:\/\/www.sardegnaricerche.it\/sportelloenergia\">www.sardegnaricerche.it\/sportelloenergia<\/a> dove \u00e8 anche disponibile il programma dettagliato [allegato].<\/p>\n<p>Per maggiori informazioni ci si pu\u00f2 rivolgere allo Sportello Energia di Sardegna Ricerche, Z.I. Macchiareddu, Uta (CA); referente Petra Perreca (tel. 070.92431; email: <a href=\"mailto:sportelloenergia@sardegnaricerche.it\">sportelloenergia@sardegnaricerche.it<\/a>).<\/p>\n","protected":false},"excerpt":{"rendered":"<p>Hotel Regina Margherita, viale Regina Margherita, 44 &#8211; ore 9:30-13:30Gioved\u00ec 19 febbraio, presso l&#8217;Hotel Regina Margherita di Cagliari, si terr\u00e0 il seminario &#8220;Audit energetici nelle&#8230;<\/p>\n","protected":false},"author":2,"featured_media":0,"comment_status":"closed","ping_status":"closed","sticky":false,"template":"","format":"standard","meta":[],"categories":[49],"tags":[],"_links":{"self":[{"href":"https:\/\/www.cronacaonline.it\/index.php\/wp-json\/wp\/v2\/posts\/114450"}],"collection":[{"href":"https:\/\/www.cronacaonline.it\/index.php\/wp-json\/wp\/v2\/posts"}],"about":[{"href":"https:\/\/www.cronacaonline.it\/index.php\/wp-json\/wp\/v2\/types\/post"}],"author":[{"embeddable":true,"href":"https:\/\/www.cronacaonline.it\/index.php\/wp-json\/wp\/v2\/users\/2"}],"replies":[{"embeddable":true,"href":"https:\/\/www.cronacaonline.it\/index.php\/wp-json\/wp\/v2\/comments?post=114450"}],"version-history":[{"count":0,"href":"https:\/\/www.cronacaonline.it\/index.php\/wp-json\/wp\/v2\/posts\/114450\/revisions"}],"wp:attachment":[{"href":"https:\/\/www.cronacaonline.it\/index.php\/wp-json\/wp\/v2\/media?parent=114450"}],"wp:term":[{"taxonomy":"category","embeddable":true,"href":"https:\/\/www.cronacaonline.it\/index.php\/wp-json\/wp\/v2\/categories?post=114450"},{"taxonomy":"post_tag","embeddable":true,"href":"https:\/\/www.cronacaonline.it\/index.php\/wp-json\/wp\/v2\/tags?post=114450"}],"curies":[{"name":"wp","href":"https:\/\/api.w.org\/{rel}","templated":true}]}}