{"id":114425,"date":"2015-02-18T17:20:52","date_gmt":"2015-02-18T16:20:52","guid":{"rendered":"http:\/\/www.cronacaonline.it\/public\/content\/index.php\/18\/02\/2015\/arrestato-minorenne-di-marrubiu-per-detenzione-ai-fini-di-spaccio-di-stupefacenti-ed-un-altro-giovane-denunciato-per-lo-stesso-reato"},"modified":"2015-02-18T17:20:52","modified_gmt":"2015-02-18T16:20:52","slug":"arrestato-minorenne-di-marrubiu-per-detenzione-ai-fini-di-spaccio-di-stupefacenti-ed-un-altro-giovane-denunciato-per-lo-stesso-reato","status":"publish","type":"post","link":"https:\/\/www.cronacaonline.it\/index.php\/2015\/02\/18\/arrestato-minorenne-di-marrubiu-per-detenzione-ai-fini-di-spaccio-di-stupefacenti-ed-un-altro-giovane-denunciato-per-lo-stesso-reato\/","title":{"rendered":"Arrestato minorenne di Marrubiu per detenzione ai fini di spaccio di stupefacenti ed un altro giovane denunciato per lo stesso reato."},"content":{"rendered":"<p>La notte scorsa, a Marrubiu (OR), nel corso dei festeggiamenti serali connessi alla manifestazione carnevalesca denominata \u201cSu Marulleri\u201d, i carabinieri del Comando provinciale, procedevano all\u2019arresto in flagranza di un minorenne di Samassi per spaccio di stupefacenti. Il ragazzo, sottoposto a controllo, \u00e8 stato trovato in possesso di 5,6 grammi di marijuana, 1,7gr. di cocaina, tutte suddivise in dosi, nonch\u00e9 un involucro contenente ecstasy e la somma di&nbsp; euro 415 provento dell\u2019illecita attivit\u00e0. <\/p>\n<p>Il giovane, dopo le formalit\u00e0 di rito \u00e8 stato affidato ai genitori con i quali rimarr\u00e0 a disposizione della competente Autorit\u00e0 Giudiziaria, in attesa dell\u2019udienza di convalida.<\/p>\n<p>Nel medesimo contesto operativo gli stessi militari hanno denunciato in stato di libert\u00e0, anch\u2019esso per spaccio di stupefacenti,&nbsp; un giovane di Samatzai, il quale \u00e8 stato trovato in possesso di 15,4 grammi di marijuana.<\/p>\n","protected":false},"excerpt":{"rendered":"<p>La notte scorsa, a Marrubiu (OR), nel corso dei festeggiamenti serali connessi alla manifestazione carnevalesca denominata \u201cSu Marulleri\u201d, i carabinieri del Comando provinciale, procedevano all\u2019arresto&#8230;<\/p>\n","protected":false},"author":2,"featured_media":0,"comment_status":"closed","ping_status":"closed","sticky":false,"template":"","format":"standard","meta":[],"categories":[49],"tags":[],"_links":{"self":[{"href":"https:\/\/www.cronacaonline.it\/index.php\/wp-json\/wp\/v2\/posts\/114425"}],"collection":[{"href":"https:\/\/www.cronacaonline.it\/index.php\/wp-json\/wp\/v2\/posts"}],"about":[{"href":"https:\/\/www.cronacaonline.it\/index.php\/wp-json\/wp\/v2\/types\/post"}],"author":[{"embeddable":true,"href":"https:\/\/www.cronacaonline.it\/index.php\/wp-json\/wp\/v2\/users\/2"}],"replies":[{"embeddable":true,"href":"https:\/\/www.cronacaonline.it\/index.php\/wp-json\/wp\/v2\/comments?post=114425"}],"version-history":[{"count":0,"href":"https:\/\/www.cronacaonline.it\/index.php\/wp-json\/wp\/v2\/posts\/114425\/revisions"}],"wp:attachment":[{"href":"https:\/\/www.cronacaonline.it\/index.php\/wp-json\/wp\/v2\/media?parent=114425"}],"wp:term":[{"taxonomy":"category","embeddable":true,"href":"https:\/\/www.cronacaonline.it\/index.php\/wp-json\/wp\/v2\/categories?post=114425"},{"taxonomy":"post_tag","embeddable":true,"href":"https:\/\/www.cronacaonline.it\/index.php\/wp-json\/wp\/v2\/tags?post=114425"}],"curies":[{"name":"wp","href":"https:\/\/api.w.org\/{rel}","templated":true}]}}