{"id":114414,"date":"2015-02-18T17:20:52","date_gmt":"2015-02-18T16:20:52","guid":{"rendered":"http:\/\/www.cronacaonline.it\/public\/content\/index.php\/18\/02\/2015\/societa-partecipate-degli-enti-locali-della-sardegna-in-presidenza-insieme-ai-capigruppo-incontro-con-le-organizzazioni-sindacali"},"modified":"2015-02-18T17:20:52","modified_gmt":"2015-02-18T16:20:52","slug":"societa-partecipate-degli-enti-locali-della-sardegna-in-presidenza-insieme-ai-capigruppo-incontro-con-le-organizzazioni-sindacali","status":"publish","type":"post","link":"https:\/\/www.cronacaonline.it\/index.php\/2015\/02\/18\/societa-partecipate-degli-enti-locali-della-sardegna-in-presidenza-insieme-ai-capigruppo-incontro-con-le-organizzazioni-sindacali\/","title":{"rendered":"Societ\u00e0 partecipate degli Enti Locali della Sardegna: in presidenza insieme ai capigruppo, incontro con le organizzazioni sindacali"},"content":{"rendered":"<p>Un emendamento alla finanziaria di un milione di euro per garantire il personale delle partecipate e la stesura di un provvedimento normativo per svincolare risorse specifiche alle stesse societ\u00e0.<\/p>\n<p>Sono gli impegni presi questo pomeriggio dalla conferenza dei capigruppo, nel corso dell\u2019incontro in presidenza con le rappresentanze sindacali delle societ\u00e0 partecipate di province e comuni della Sardegna. A poche ore dall\u2019inizio dell\u2019esame della finanziaria in aula il presidente Ganau ha ricevuto insieme ai capigruppo i rappresentanti sindacali di Filcams Cgil, Fpcgil, Fisascat Cisl, Uiltucs Uil&nbsp; E Ugl Commercio per&nbsp; trovare nuove soluzioni&nbsp; a sostegno degli oltre 300 lavoratori delle societ\u00e0 in house degli Enti locali da una parte, e dall\u2019altra per continuare a garantire i servizi essenziali attualmente erogati dalle partecipate, in primis l\u2019assistenza scolastica e il trasporto per i disabili. Al centro del confronto le grosse difficolt\u00e0 che oggi attraversano le societ\u00e0 partecipate degli Enti locali della Sardegna, in tutto 29 realt\u00e0 che operano in gran parte delle province sarde, con lavoratori in cassa integrazione, come nel caso della provincia di Sassari (180 dipendenti), in deroga dal mese di settembre dello scorso anno.<\/p>\n<p>\u00abIl Consiglio regionale e la conferenza dei capigruppo \u2013 ha dichiarato il presidente Ganau&nbsp; - ha dimostrato gi\u00e0 da tempo massima disponibilit\u00e0 e grande attenzione sul futuro di queste societ\u00e0, dei servizi essenziali che le stesse garantiscono e in particolare su quello dei lavoratori\u00bb.<\/p>\n<p>Il capogruppo in Consiglio del PD, Pietro Cocco ha dichiarato che le circa 30 societ\u00e0 partecipate rappresentano una realt\u00e0 importante per l\u2019isola che dovr\u00e0 necessariamente essere riformata anche in vista della legge sul riordino degli Enti Locali. La maggioranza ha gi\u00e0 pronto un emendamento alla finanziaria che verr\u00e0 subito presentato in aula per garantire nuove risorse (circa 1 milione di euro) per il personale della societ\u00e0 partecipate. <\/p>\n<p>L\u2019onorevole Desini, capogruppo del Centro Democratico e sindaco di Sennori ha posto l\u2019attenzione sulla drammatica situazione \u201cdi un sistema ormai arrivato al capolinea\u201d per il quale vanno trovate soluzioni in grado di superare la difficile contingenza economico \u2013 sociale che oggi attraversa l\u2019isola. \u00abNon so se esistano soluzioni tecniche, ma nel caso ci fossero \u00e8 necessario percorrerle sino in fondo \u2013 ha aggiunto l\u2019onorevole Desini \u2013 che possano consentire di creare dei capitoli ad hoc sul fondo unico in modo da svincolare le risorse necessarie per&nbsp; i servizi delle partecipate\u00bb.<\/p>\n<p>Per il presidente della commissione Autonomia, Francesco Agus (SEL) la legge sul riordino degli Enti locali (che arriva dopo la riforma Delrio che ha generato una difficile situazione a riguardo in molte province italiane), il cui iter in commissione partir\u00e0 il prossimo mese, potr\u00e0 garantire margini di intervento per trovare ulteriori risorse a sostegno delle societ\u00e0 partecipate.<\/p>\n<p>Il vicepresidente dell\u2019assemblea sarda, Antonello Peru (Forza Italia Sardegna) ha specificato l\u2019ordine dei problemi in esame: da una parte i servizi di trasporto e assistenza disabili che \u00e8 necessario garantire, dall\u2019altra il futuro delle societ\u00e0 in house degli Enti locali e dei circa 400 lavoratori dipendenti, e infine quelli delle societ\u00e0 partecipate, ex lavoratori socialmente utili (vedi Romangia Servizi) che svolgono servizi di manutenzione e ambientali per i comuni.<\/p>\n<p>\u00abL\u2019impegno che prendiamo \u2013 ha dichiarato in conclusione il presidente Ganau -&nbsp; \u00e8 quello di trovare ogni soluzione tecnica possibile al problema e di intervenire anche nel corso dell\u2019anno in caso di necessit\u00e0\u00bb.<\/p>\n","protected":false},"excerpt":{"rendered":"<p>Un emendamento alla finanziaria di un milione di euro per garantire il personale delle partecipate e la stesura di un provvedimento normativo per svincolare risorse&#8230;<\/p>\n","protected":false},"author":2,"featured_media":0,"comment_status":"closed","ping_status":"closed","sticky":false,"template":"","format":"standard","meta":[],"categories":[49],"tags":[],"_links":{"self":[{"href":"https:\/\/www.cronacaonline.it\/index.php\/wp-json\/wp\/v2\/posts\/114414"}],"collection":[{"href":"https:\/\/www.cronacaonline.it\/index.php\/wp-json\/wp\/v2\/posts"}],"about":[{"href":"https:\/\/www.cronacaonline.it\/index.php\/wp-json\/wp\/v2\/types\/post"}],"author":[{"embeddable":true,"href":"https:\/\/www.cronacaonline.it\/index.php\/wp-json\/wp\/v2\/users\/2"}],"replies":[{"embeddable":true,"href":"https:\/\/www.cronacaonline.it\/index.php\/wp-json\/wp\/v2\/comments?post=114414"}],"version-history":[{"count":0,"href":"https:\/\/www.cronacaonline.it\/index.php\/wp-json\/wp\/v2\/posts\/114414\/revisions"}],"wp:attachment":[{"href":"https:\/\/www.cronacaonline.it\/index.php\/wp-json\/wp\/v2\/media?parent=114414"}],"wp:term":[{"taxonomy":"category","embeddable":true,"href":"https:\/\/www.cronacaonline.it\/index.php\/wp-json\/wp\/v2\/categories?post=114414"},{"taxonomy":"post_tag","embeddable":true,"href":"https:\/\/www.cronacaonline.it\/index.php\/wp-json\/wp\/v2\/tags?post=114414"}],"curies":[{"name":"wp","href":"https:\/\/api.w.org\/{rel}","templated":true}]}}