{"id":114405,"date":"2015-02-19T17:20:52","date_gmt":"2015-02-19T16:20:52","guid":{"rendered":"http:\/\/www.cronacaonline.it\/public\/content\/index.php\/19\/02\/2015\/lavori-consiglio-sardegna-finanziaria-iniziata-la-discussione-generale-3"},"modified":"2015-02-19T17:20:52","modified_gmt":"2015-02-19T16:20:52","slug":"lavori-consiglio-sardegna-finanziaria-iniziata-la-discussione-generale-3","status":"publish","type":"post","link":"https:\/\/www.cronacaonline.it\/index.php\/2015\/02\/19\/lavori-consiglio-sardegna-finanziaria-iniziata-la-discussione-generale-3\/","title":{"rendered":"Lavori Consiglio Sardegna: Finanziaria, iniziata la discussione generale (3)"},"content":{"rendered":"<p>Pier Mario Manca (Partito dei sardi) ha rivendicato la novit\u00e0 dell\u2019impostazione data dalla Giunta alla manovra finanziaria. \u00abLa crisi devastante che ha colpito l\u2019Isola, con la disoccupazione che ormai supera il 18 per cento, dipende anche dalle scelte sbagliate di chi ha governato la Sardegna negli anni scorsi. In questo bilancio si fanno scelte diverse, forse discutibili, ma \u00e8 chiaro che si vuole puntare sullo sviluppo e sulla crescita\u00bb.<\/p>\n<p>Manca ha poi segnalato le difficolt\u00e0 a chiudere il bilancio 2015. \u00abSarebbe stato bello fare una rivoluzione ma ci\u00f2 non \u00e8 stato possibile \u2013 ha affermato Manca - partiamo da una realt\u00e0 difficile, ci sono situazioni reali che ingessano il bilancio. L\u2019anima vera di questa manovra finanziaria sta nei 700 milioni di mutuo destinati al lavoro e alle infrastrutture. Si fa una scelta di finanziare la crescita anzich\u00e9 mantenere la vecchia logica della distribuzione dei soldi a pioggia\u00bb.<\/p>\n<p>L\u2019esponente sovranista ha poi rivolto un plauso alla Giunta per i risultasti ottenuti nella battaglia sulle entrate fiscali: \u00abUna battaglia da portare avanti \u2013 ha detto Manca \u2013 dopo il trasferimento dei primi 300 milioni occorre adesso insistere per costringere lo Stato a restituire alla Sardegna i soldi dovuti\u00bb.<\/p>\n<p>Pier Mario Manca ha infine indicato le due grandi riforme ancora da fare per risollevare le sorti dell\u2019isola: la razionalizzazione della spesa sanitaria e la riorganizzazione burocratica della Regione.<\/p>\n<p>Di segno opposto, invece, il giudizio sulla manovra di Oscar Cherchi (Forza Italia). \u00abLa pesante crisi economica che ha investito la Sardegna \u00e8 sotto gli occhi di tutti - ha riconosciuto Cherchi \u2013 le manifestazioni di protesta che si susseguono in tutta l\u2019Isola sono la cartina di tornasole della grave situazione in cui ci troviamo. Per questo sarebbe servita una risposta pi\u00f9 forte da parte della politica\u00bb.<\/p>\n<p>Cherchi ha ricordato all\u2019aula i dati allarmanti sulla disoccupazione, in particolare quella giovanile, l\u2019aumento delle nuove povert\u00e0, la crisi delle imprese. \u00abSta a noi dare un segnale per trasmettere sicurezza \u2013 ha detto il consigliere azzurro \u2013 \u00e8 quello che aspettano fuodal Palazzo\u00bb.<\/p>\n<p>Secondo l\u2019esponente della minoranza \u00abla legge finanziaria \u00e8 fondata sulla filosofia dell\u2019austerit\u00e0, su una politica improntata sul rigore pi\u00f9 severo, in forte contrasto con gli annunci fatti in campagna elettorale. Mi rendo conto delle difficolt\u00e0 che avete incontrato nel predisporre il bilancio, va bene il risanamento del debito pubblico ma senza trascurare le esigenze del popolo sardo\u00bb.<\/p>\n<p>Cherchi, citando Macchiavelli, ha poi definito Pigliaru un \u201cnovello Principe\u201d che impara ad essere cattivo per raggiungere il fine del risanamento delle casse pubbliche. \u00abIl rischio per\u00f2 \u2013 ha ammonito \u2013 \u00e8 di lasciare troppe vittime per strada, soprattutto tra le fasce pi\u00f9 deboli della popolazione\u00bb.<\/p>\n<p>A conclusione del suo intervento, Oscar Cherchi \u00e8 entrato nel merito di alcune disposizioni della finanziaria che, a suo giudizio, certificano un fallimento totale della Giunta sulle politiche per l\u2019industria, l\u2019energia, i trasporti e l\u2019agricoltura. \u00abIl futuro dell\u2019isola \u2013 ha concluso il consigliere d\u2019opposizione - passa dall\u2019agricoltura: nell\u2019ultimo anno non abbiamo visto risultati, l\u2019Unione Europea ci ha rispedito indietro i Piano di Sviluppo, i lavoratori dei consorzi di Bonifica sono stati dimenticati e non c\u2019\u00e8 traccia della riforma delle agenzie agricole\u00bb.<\/p>\n<p>Il consigliere del Psd\u2019Az, Angelo Carta, ha ricordato in apertura del suo intervento la congiuntura economica negativa nella quale si inserisce la Manovra che \u201c\u00e8 dunque una Finanziaria figlia del tempo\u201d. L\u2019esponente della minoranza&nbsp; ha quindi evidenziato la scarsit\u00e0 delle risorse e i tagli al bilancio ma ha anche sottolineato come la finanziaria debba descrivere un futuro in coerenza con le linee tracciate nel piano regionale di sviluppo.<\/p>\n<p>Carta ha insistito sul tema della zona franca e ha rivolto critiche alla decisione della giunta di non prevedere alcuno stanziamento per dare attuazione al decreto legislativo che istituisce in Sardegna i sei punti franchi. Il sindaco di Dorgali ha quindi sinteticamente elencato alcuni punti chiave della manovra e si \u00e8 soffermato sulle risorse destinate al sistema degli Enti Locali. \u00abAi Comuni tagliate il fondo unico \u2013 ha dichiarato Carta \u2013 tagliate le accise Enel, ponete in capo al fondo unico il costo del personale delle comunit\u00e0 montane e cos\u00ec mutilate gli Enti Locali della Sardegna che si ritrovano senza strumenti per operare nei territori\u00bb. Il rappresentate del Psd\u2019Az ha quindi auspicato azioni per le zone interne, le aree protette ed anche per i rifiuti, i cui costi di smaltimento \u2013 a giudizio di Carta \u2013 rappresentano un\u2019autentica emergenza. Il consigliere sardista ha quindi concluso il suo intervento con un riferimento ai danni delle alluvioni, illustrando la sua proposta di invertire gli importi, per il 2015, degli stanziamenti previsti per il ristoro dei danni subiti dai privati (un milione di euro) con quello destinato alla conservatoria delle coste (3 milioni di euro).<\/p>\n<p>Il consigliere di Forza Italia, Stefano Tunis, ha manifestato in premessa la volont\u00e0 di \u201cdepurare\u201d da polemiche e contrapposizioni le valutazioni sulla Manovra e sull\u2019operato della Giunta. \u00abDobbiamo entrare nel merito e sulla qualit\u00e0 delle soluzioni proposte\u00bb, ha spiegato l\u2019esponente della minoranza, \u00abma affermo con rammarico che ci si aspettava molto di pi\u00f9 dalla finanziaria del presidente Pigliaru\u00bb. Tunis ha quindi approfondito i temi legati alle politiche del lavoro, denunciandone \u201cil sostanziale abbandono\u201d e una generale inadeguatezza. Il rappresentante di Forza Italia ha quindi raffrontato i \u201cpositivi risultati conseguiti nella passata legislatura\u201d con \u201cle datate soluzioni proposte dall\u2019attuale maggioranza\u201d. \u00abIl mondo del lavoro \u00e8 cambiato \u2013 ha insistito Tunis \u2013 e con esso sono cambiati i servizi per il lavoro\u00bb.<\/p>\n<p>Stefano Tunis ha proseguito offrendo la disponibilit\u00e0 della minoranza ad \u201caiutare\u201d giunta e maggioranza a trovare soluzioni adeguate ed efficaci, invitando i colleghi \u201cad essere costruttivi rispetto alle sorti della Sardegna\u201d. Il consigliere di Fi ha concluso con un riferimento polemico per il mancato finanziamento del programma \u201cmaster and back\u201d: \u00abNella scorsa legislatura vi stracciavate le vesti perch\u00e9 lo stanziamento previsto era inferiore ai venti milioni di euro\u00bb.<\/p>\n<p>Dopo l\u2019on. Tunis ha preso la parola Marco Tedde (Forza Italia), che ha definito la Finanziaria \u201ctotalmente asfittica e priva di nerbo. Il segno pi\u00f9 tangibile \u00e8 la distrazione della Giunta rispetto a questa discussione, evidentemente in linea con la scarsit\u00e0 degli strumenti messi a disposizione dalla Giunta per affrontare i problemi della Sardegna\u201d.<\/p>\n<p>Secondo l\u2019esponente dell\u2019opposizione, \u201cla matrice dei rapporti tra governo regionale e statale \u00e8 la mancanza totale di leale collaborazione. Non c\u2019\u00e8 attenzione sull\u2019industrializzazione, sull\u2019energia: molti studi, molte parole ma pochi strumenti pragmatici in campo. E questa chiusura, anche davanti a tutti i suggerimenti che noi pure abbiamo fornito, \u00e8 da individuare pi\u00f9 nell\u2019assessore che nel centrosinistra in Consiglio regionale.&nbsp; Non c\u2019\u00e8 attenzione verso il mondo produttivo e le imprese, verso il mondo dell\u2019agricoltura e dell\u2019edilizia. In questa Finanziaria non c\u2019\u00e8 l\u2019attenzione che queste realt\u00e0 produttive meritano. Siamo per\u00f2 fiduciosi sul fatto che nel corso della discussione terrete in sufficiente considerazione i nostri emendamenti\u201d.<\/p>\n<p>Per l\u2019on. Antonello Peru (Forza Italia) \u201cquesta era la prima occasione per la Giunta Pigliaru e le valutazioni sono di gran lunga negative, a sentire le imprese e i sindacati. Sono giudizi tutti non buoni per una Finanziaria senz\u2019anima, tranne quelli dei dirigenti di Confartigianato e Cna che ho l\u2019impressione non coincidano con il giudizio degli artigiani\u201d. Nel merito, l\u2019esponente di Forza Italia ha parlato dell\u2019incremento dell\u2019importo del mutuo per le opere infrastrutturali: \u201cNon c\u2019\u00e8 un vero piano, \u00e8 la Giunta che ci fa contrarre il mutuo e decider\u00e0 come spendere i soldi per realizzare le infrastrutture. Manca un piano per le opere, per colmare un gap che peraltro spetterebbe allo Stato colmare\u201d.<\/p>\n<p>Sulle imprese e sul lavoro, l\u2019on. Peru ha detto: \u201cNon c\u2019\u00e8 un piano che ridia la speranza ai sardi, perch\u00e9 non ci sono scelte chiare. Soprattutto sul fronte energetico, sul sostegno alle imprese, sui trasporti delle merci oltre che delle persone. Per questo \u00e8 necessario ricercare gli spazi politici, come gi\u00e0 abbiamo fatto in commissione, per migliorare questa manovra finanziaria\u201d.<br \/>Per la maggioranza ha preso la parola l\u2019on. Luca Pizzuto (Sel), che ha detto: \u201cNon possiamo non prendere in esame la situazione che abbiamo trovato e la crisi che tutto il pianeta sta vivendo e quella che in particolare la Sardegna sta vivendo. Noi dobbiamo riprendere a seminare e a coltivare: non usiamo toni di trionfo parlando della nostra prima Finanziaria, sia chiaro. Per\u00f2 dobbiamo dire da subito che in questa manovra ci sono soldi veri, che liquideremo e pagheremo nel giro di poco tempo. Anche per questo accendiamo un mutuo, per generare lavoro attraverso la costruzione delle infrastrutture. Stiamo mettendo a correre soldi sul cinema, sulla cultura, sull\u2019archeologia, sulla piccola pesca, sulle borse per gli studenti universitari, sul servizio civile regionale, sulla coltivazione della canapa a basso contenuto di principio attivo. Insomma, stiamo cercando di attivare strumenti di cambiamento senza toccare i bisogni dei pi\u00f9 deboli, come quelli della legge 162\u201d.<\/p>\n<p>Per l\u2019esponente di Sel, che ha ringraziato per il lavoro finora svolto l\u2019assessore Paci e il presidente della commissione Sabatini, \u201csono evidenti i problemi, gli sprechi della spesa sanitaria. E la necessit\u00e0 di introdurre in futuro un reddito minimo di cittadinanza, per difendere i sardi da questa crisi feroce. Non \u00e8 il centrosinistra la pancia di tutti i mali\u201d.<\/p>\n<p>Di seguito, per il Pd ha preso la parola l\u2019on. Luigi Lotto secondo cui \u201cquesta Finanziaria nasce all\u2019indomani di una serie di tagli che tutte le Regioni, compresa la Sardegna, stanno subendo. Ma ci sono molti elementi positivi in questa manovra e io cercher\u00f2 di evidenziarli. A cominciare dal rapporto con il governo nazionale: \u00e8 evidente il diverso taglio che il presidente Pigliaru e l\u2019assessore Paci hanno impresso. Abbiamo una Giunta e un presidente che parlano col governo tenendo la schiena dritta e con competenza. Oggi si stanno creando le condizioni per superare il patto di stabilit\u00e0 e spendere davvero le risorse che si hanno\u201d.<\/p>\n<p>Sui temi industriali e ambientali l\u2019esponente del Pd ha detto: \u201cE\u2019 inaccettabile che si travisino le parole e le posizioni del Pd sulla vicenda dell\u2019Eni. Perch\u00e9 l\u2019Eni deve procedere alle bonifiche. Cos\u00ec come sui consorzi di bonifica e sui costi dell\u2019acqua in agricoltura, \u00e8 chiaro il richiamo dell\u2019assessore Paci: prima degli agricoltori vengono i malati sardi e 300 milioni di euro di debito che la Sanit\u00e0 sarda produce.&nbsp; Sappiamo che ci aspettano tempi difficili ma so che dobbiamo farcela e dobbiamo dare risposte a tutti i settori, anche nel campo dei trasporti dove si \u00e8 registrata la totale assenza del governo regionale negli ultimi due anni della Giunta Cappellacci\u201d.<\/p>\n<p>Il consigliere Ugo Cappellacci (Forza Italia) ha affermato in apertura che il dibattito sulla Finanziaria rappresenta un primo momento di confronto politico importante riguardante scelte sulle quali la classe dirigente sar\u00e0 valutata dai cittadini. Per queste ragioni, ha sostenuto, \u00aboccorre impostare il confronto fuori dalle classiche schermaglie fra maggioranza e opposizione ma a condizione di dire la verit\u00e0\u00bb. Una parte della maggioranza, ha ricordato, \u00absi \u00e8 resa conto che il problema delle entrate non \u00e8 chiuso nonostante in questi mesi la Giunta abbia evitato ogni confronto ritenendosi depositaria per definizione delle migliori virt\u00f9 civiche commettendo per\u00f2 errori da matita blu\u00bb. L\u2019accordo con lo Stato firmato a luglio, secondo Cappellacci, \u00ab\u00e8 una fregatura, ci sono 300 milioni in meno solo per il 2014 e dopo aver detto in sede di assestamento che si sarebbe rimediato nel 2015 col venir meno del Patto di stabilit\u00e0, \u00e8 accaduto anche che lo Stato si \u00e8 ripreso le riserve erariali, 84 milioni del fondo di sviluppo e coesione e molto altro\u00bb. Adesso, ha aggiunto il consigliere di Forza Italia, \u00abanche il segretario del Pd d\u00e0 giudizi sferzanti nei confronti della Giunta ed \u00e8 chiaro a tutti che quell\u2019accordo va rinegoziato e i ricorsi non vanno ritirati; il presidente Pigliaru disse a suo tempo che di fronte al primo atto di slealt\u00e0 da parte dello Stato avrebbe reagito, siamo ancora qui che aspettiamo\u00bb. Cappellacci ha poi invitato la Giunta a \u00abscendere dal piedistallo per riprendere insieme la battaglia sulle entrate ma senza dire bugie, come quella sui 300 milioni di euro che sarebbero i primi risultati della vertenza entrate\u00bb. <\/p>\n<p>Il mutuo da 700 milioni, ha inoltre osservato, \u00ab\u00e8 proprio il prezzo del timore reverenziale verso lo Stato e del tradimento di una Sardegna che merita certamente merita di pi\u00f9, anche perch\u00e9 non \u00e8 vero che la nostra Regione ha l\u2019Irap pi\u00f9 bassa d\u2019Italia, dato che a partire dal 2013 \u00e8 aumentata di quasi tre volte, come ben sanno le imprese che sempre pi\u00f9 spesso si indebitano per pagare le tasse\u00bb. Nella finanziaria, ha affermato il consigliere Cappellacci in definitiva, \u00abnon c\u2019\u00e8 una idea di Sardegna ma quella di un commissario liquidatore; speriamo che nel dibattito ci sia un moto di ribellione, anche da parte della maggioranza, ma serve coraggio e se uno non c\u2019\u00e8 l\u2019ha non se lo pu\u00f2 dare: abbiamo bisogno di un presidente\u00bb.<\/p>\n<p>Al termine di quest\u2019ultimo intervento il presidente Ganau ha sospeso la seduta. I lavori del Consiglio riprenderanno alle 16. Com<\/p>\n","protected":false},"excerpt":{"rendered":"<p>Pier Mario Manca (Partito dei sardi) ha rivendicato la novit\u00e0 dell\u2019impostazione data dalla Giunta alla manovra finanziaria. \u00abLa crisi devastante che ha colpito l\u2019Isola, con&#8230;<\/p>\n","protected":false},"author":2,"featured_media":0,"comment_status":"closed","ping_status":"closed","sticky":false,"template":"","format":"standard","meta":[],"categories":[49],"tags":[],"_links":{"self":[{"href":"https:\/\/www.cronacaonline.it\/index.php\/wp-json\/wp\/v2\/posts\/114405"}],"collection":[{"href":"https:\/\/www.cronacaonline.it\/index.php\/wp-json\/wp\/v2\/posts"}],"about":[{"href":"https:\/\/www.cronacaonline.it\/index.php\/wp-json\/wp\/v2\/types\/post"}],"author":[{"embeddable":true,"href":"https:\/\/www.cronacaonline.it\/index.php\/wp-json\/wp\/v2\/users\/2"}],"replies":[{"embeddable":true,"href":"https:\/\/www.cronacaonline.it\/index.php\/wp-json\/wp\/v2\/comments?post=114405"}],"version-history":[{"count":0,"href":"https:\/\/www.cronacaonline.it\/index.php\/wp-json\/wp\/v2\/posts\/114405\/revisions"}],"wp:attachment":[{"href":"https:\/\/www.cronacaonline.it\/index.php\/wp-json\/wp\/v2\/media?parent=114405"}],"wp:term":[{"taxonomy":"category","embeddable":true,"href":"https:\/\/www.cronacaonline.it\/index.php\/wp-json\/wp\/v2\/categories?post=114405"},{"taxonomy":"post_tag","embeddable":true,"href":"https:\/\/www.cronacaonline.it\/index.php\/wp-json\/wp\/v2\/tags?post=114405"}],"curies":[{"name":"wp","href":"https:\/\/api.w.org\/{rel}","templated":true}]}}