{"id":114404,"date":"2015-02-19T17:20:52","date_gmt":"2015-02-19T16:20:52","guid":{"rendered":"http:\/\/www.cronacaonline.it\/public\/content\/index.php\/19\/02\/2015\/lavori-consiglio-sardegna-finanziaria-iniziata-la-discussione-generale-2"},"modified":"2015-02-19T17:20:52","modified_gmt":"2015-02-19T16:20:52","slug":"lavori-consiglio-sardegna-finanziaria-iniziata-la-discussione-generale-2","status":"publish","type":"post","link":"https:\/\/www.cronacaonline.it\/index.php\/2015\/02\/19\/lavori-consiglio-sardegna-finanziaria-iniziata-la-discussione-generale-2\/","title":{"rendered":"Lavori Consiglio Sardegna: Finanziaria, iniziata la discussione generale (2)"},"content":{"rendered":"<p>Il consigliere di Sinistra Sarda, Fabrizio Anedda, non ha nascosto sottolineature critiche verso la Manovra 2015 ed ha rimarcato come il documento all\u2019esame dell\u2019aula \u201cripropone uno schema identico a quello degli ultimi decenni\u201d. Il capogruppo del \u201cMisto\u201d ha parlato di bilancio ingessato dalla spesa obbligatoria (oltre 5 miliardi e mezzo di euro) ed ha lamentato la scarsit\u00e0 di risorse destinate allo sviluppo e al lavoro, i cui fondi sono individuati per la grande parte nei fondi comunitari e nell\u2019accensione del mutuo per le infrastrutture. A questo proposito il consigliere della maggioranza ha ricordato le difficolt\u00e0 nella spendita delle risorse europee e si \u00e8 detto \u201cscettico\u201d riguardo alla decisione della Giunta di sostenere lo sviluppo attraverso l\u2019impiego delle risorse Ue. <br \/>Anedda ha quindi invocato \u201cscelte coraggiose\u201d da parte della Giunta ed ha invitato l\u2019esecutivo a concentrare le risorse in pochi e qualificanti interventi in grado di rilanciare la produzione e l\u2019impresa. \u00abLe imprese sono al collasso\u00bb, ha ammonito l\u2019esponente della Sinistra ed \u00e8 necessario mettere in campo una serie di azioni per garantirne sviluppo e crescita. Fabrizio Anedda ha quindi auspicato la rapida istituzione dei sei punti franchi in Sardegna ed ha chiesto che sia dia corpo ad una \u201cpolitica del credito e non gi\u00e0 del microcredito\u201d.<\/p>\n<p>Il consigliere dell\u2019uds, Mario Floris (\u201cSardegna\u201d) ha definito la Manovra \u201cinadeguata e insufficiente\u201d nei confronti dello Stato e verso \u201cl\u2019interno\u201d. Riguardo al rapporto con lo Stato, il gi\u00e0 presidente della Giunta, ha parlato di \u201cun passo indietro\u201d rispetto al governo sul tema delle entrate ed ha affermato che l\u2019attuale posizione dell\u2019esecutivo regionale \u00e8 pi\u00f9 arretrata di quella a suo tempo assunta con la Giunta Soru ed anche con la Giunta Palomba. \u00abCon l\u2019accordo sulle entrate dello scorso luglio \u2013 ha dichiarato Floris \u2013 la Giunta Pigliaru si \u00e8 accontentata di un piatto di lenticchie\u00bb. \u201cUn accordo al ribasso\u201d ha insistito il leader Uds che ha ricordato la battaglia della minoranza sulle accise e perch\u00e9 i tributi propri della Regione siano versati alla tesoreria regionale.<\/p>\n<p>Floris ha quindi riaffermato la necessit\u00e0 di rivisitare lo Statuto ma soprattutto l\u2019urgenza di pretendere tutte le norme di attuazione contenute nello Statuto speciale ed a questo proposito ha sottolineato l\u2019inadeguatezza dell\u2019operato della giunta e della commissione paritetica Stato-Regione.<br \/>\u00abDobbiamo difendere con i denti la nostra Autonomia e non ci piace l\u2019accondiscendenza della Giunta al Governo sulle riforme e su tutto il resto\u00bb, ha dichiarato il consigliere della minoranza, che ha ricordato le modifiche costituzionali promosse dall\u2019esecutivo Renzi che vanno nel verso di un accentramento dei poteri dalla Regione verso lo Stato e dagli Enti Locali verso la Regione.<\/p>\n<p>Il presidente ha dato quindi la parola al capogruppo di Sardegna Vera, Efisio Arbau (La Base). \u00abQuesta non \u00e8 una Finanziaria di rinvio, ma di passaggio perch\u00e9 ha due case importanti da definire: la riforma della sanit\u00e0 e degli enti locali, fondamentali per lo sviluppo del progetto di questa maggioranza\u00bb. \u00c8 una Finanziaria ambiziosa, ha continuato, che affronta alcune importanti questioni. Sull\u2019Irap, Arbau ha detto che non \u00e8 stato possibile fare di pi\u00f9, ma che le aziende sarde pagheranno l\u2019Irap pi\u00f9 bassa di tutta Italia, eccetto il caso del Trentino Alto Adige, oltre allo sgravio totale previsto per 5 anni per le nuove imprese. Una Finanziaria, ha spiegato l\u2019esponente della maggioranza, che sta tracciando la strada da seguire per la spesa dei fondi europei, che affronta i problemi del settore turistico e dell\u2019industria. Una Finanziaria attenta al sociale. Per Arbau la contrazione del mutuo \u00e8 stata assolutamente necessaria per mettere in circolazione risorse.<\/p>\n<p>Il capogruppo di Sardegna Vera ha poi proposto di allargare la zona franca all\u2019area di Sarroch, comprendendo la Saras, e di sfruttare l\u2019occasione del pareggio di bilancio per far capire al governo che la Sardegna \u00e8 in grado di autogovernarsi.<\/p>\n<p>Arbau ha poi concluso dicendo che la maggioranza esiste, nella sua diversit\u00e0, soltanto perch\u00e9 il presidente \u00e8 Francesco Pigliaru: \u00abSenza di te non siamo maggioranza\u00bb.<\/p>\n<p>Il presidente ha dato poi la parola al consigliere di Forza Italia, Edoardo Tocco, il quale si \u00e8 detto dispiaciuto per il fatto che la sua Commissione (Sanit\u00e0) non abbia potuto esprimere il parere sulla Finanziaria per una mancata sintonia tra la Commissione e l\u2019assessore Arru.<\/p>\n<p>Tocco ha evidenziato le criticit\u00e0 che permangono nella nostra Regione tra cui i trasporti viari, la gravissima crisi economica, la disoccupazione dilagante e la dispersione scolastica. Tocco ha ricordato anche il fatto che non viene fatta valere la condizione di insularit\u00e0 e dei relativi maggiori oneri derivanti dai collegamenti aerei e marittimi. Si tratta secondo il consigliere di una legge finanziaria che manca di un respiro strategico. Non si parla pi\u00f9 di zona franca e di valorizzazione dei nostri giovani che stanno andando via dalla Sardegna. \u00abNon vogliamo certo il blocco della Finanziaria\u00bb, ha affermato, chiedendo alla Giunta di presentare per\u00f2 un disegno strategico, concordato con i sindacati e le associazioni, per il rilancio della Sardegna, facendo valere la specialit\u00e0 dell\u2019isola.<\/p>\n<p>Il consigliere Luigi Ruggeri (Pd) ha definito la finanziaria insufficiente e lo sarebbe stata in ogni caso, ha precisato, in presenza di una crisi cos\u00ec vasta e profonda. Detto questo, Ruggeri ha invitato tutti a una riflessione su quanto la finanziaria sia adatta ad aiutare la ripresa dello sviluppo in Sardegna attraverso una serie di strumenti che mettono assieme rigore, innovazione, responsabilit\u00e0. Sulla vertenza entrate Ruggeri ha riconosciuto che l\u2019accordo stipulato nel luglio scorso \u00abnon \u00e8 risolutivo ma mette un punto fermo in una cornice di fattibilit\u00e0 anche se il lavoro non \u00e8 concluso; anzi, va riconosciuto sotto questo profilo il merito della Giunta Soru, cosa che l\u2019opposizione si ostina a non fare commettendo un grave errore\u00bb. Da una parte, quindi, c\u2019\u00e8 l\u2019esigenza secondo Ruggeri, di definire la vertenza entrate ma, dall\u2019altra, \u00e8 urgente recuperare una forte capacit\u00e0 della Regione di spendere meglio a cominciare dai fondi europei, un traguardo che si pu\u00f2 raggiungere accelerando la spesa e riducendola dove serve come nella sanit\u00e0 dove forse sono stati tracciati obiettivi molto ambiziosi, ferma restando l\u2019importanza di indicare come si pu\u00f2 invertire la tendenza\u00bb. Sullo sfondo, ha aggiunto il consigliere, \u00abresta il grande compito di riformare nel profondo l\u2019organizzazione burocratica della Regione perch\u00e9 pu\u00f2 dare un grande contributo al miglioramento dell\u2019efficacia della spesa che presenta indubbiamente un anche un problema di qualit\u00e0\u00bb. Ruggeri ha poi auspicato scelte molto chiare anche in materia di welfare, nel cui ambito \u00abnon si pu\u00f2 mantenere un volume cos\u00ec alto di spesa con molti tratti autoreferenziali e storici, perch\u00e9 il sostegno al bisogno va condiviso ma non pi\u00f9 a prescindere dalle condizioni di reddito o, spesso, all\u2019ombra di un mondo associativo non sempre disinteressato\u00bb. Dobbiamo in definitiva essere capaci di avere uno sguardo lungo, ha concluso Ruggeri: \u00abSoru dice queste e altre cose non perch\u00e9 non ha fiducia nella Giunta ma perch\u00e9 avverte una grandissima responsabilit\u00e0 per la crisi durissima che la Sardegna sta vivendo\u00bb.<\/p>\n<p>Il consigliere Ignazio Locci, di Forza Italia, ha invitato il collega Ruggeri all\u2019ottimismo. \u00abQuella della danza della Finanziaria \u2013 ha detto - \u00e8 una simpatica metafora della stampa ma, ad un anno di distanza, \u00e8 arrivato il momento di rimettere in marcia la Sardegna e, da questa Finanziaria, non si riesce a vedere come, anche se qualcuno dir\u00e0 che la colpa \u00e8 di chi ha governato prima usando un argomento troppo facile e comodo\u00bb. Quale idea di Sardegna esprime questa Finanziaria? Si \u00e8 chiesto Locci, evidenziando la ripetizione di analisi che tutti sanno e dicono, \u00abmentre in realt\u00e0 non c\u2019\u00e8 stato nemmeno il fisiologico rimbalzo del cambio di governo nell\u2019ultimo trimestre dell\u2019anno precedente\u00bb. Ogni idea, ha aggiunto il consigliere di Forza Italia, \u00absi scontra con tempi del tutto incompatibili con le esigenze della societ\u00e0 come hanno detto anche i Sindaci, bisogna invece lottare contro la burocrazia e spingere in direzione della semplificazione, dichiarando guerra a quei centri di potere che frenano lo sviluppo della Sardegna\u00bb. Nel merito, Locci ha messo l\u2019accento sul raddoppio del fondo contro le povert\u00e0 estreme che, a suo avviso, \u00abnon \u00e8 un bel segnale perch\u00e9 non sono politiche di sviluppo e comunque lasciano fuori politiche attive su istruzione e prima infanzia\u00bb. <\/p>\n<p>\u00c8 necessario inoltre, secondo Locci, \u00abaggredire il mostro della spesa sanitaria che ha ampiamente superato la met\u00e0 della spesa regionale, ma bisogna fare sul serio introducendo sia i costi standard che criteri pi\u00f9 stringenti di programmazione\u00bb. Dopo aver espresso forti critiche sui tagli al settore archeologico \u00abperch\u00e9 rischia di essere un salasso insopportabile senza che si indichi una prospettiva\u00bb, Locci ha auspicato un dibattito \u00abche serva anche a trovare momenti di sintesi e ad individuare scelte che servano davvero alla comunit\u00e0 sarda, fermo restano il nostro giudizio critico su questa Finanziaria\u00bb. Segue<\/p>\n","protected":false},"excerpt":{"rendered":"<p>Il consigliere di Sinistra Sarda, Fabrizio Anedda, non ha nascosto sottolineature critiche verso la Manovra 2015 ed ha rimarcato come il documento all\u2019esame dell\u2019aula \u201cripropone&#8230;<\/p>\n","protected":false},"author":2,"featured_media":0,"comment_status":"closed","ping_status":"closed","sticky":false,"template":"","format":"standard","meta":[],"categories":[49],"tags":[],"_links":{"self":[{"href":"https:\/\/www.cronacaonline.it\/index.php\/wp-json\/wp\/v2\/posts\/114404"}],"collection":[{"href":"https:\/\/www.cronacaonline.it\/index.php\/wp-json\/wp\/v2\/posts"}],"about":[{"href":"https:\/\/www.cronacaonline.it\/index.php\/wp-json\/wp\/v2\/types\/post"}],"author":[{"embeddable":true,"href":"https:\/\/www.cronacaonline.it\/index.php\/wp-json\/wp\/v2\/users\/2"}],"replies":[{"embeddable":true,"href":"https:\/\/www.cronacaonline.it\/index.php\/wp-json\/wp\/v2\/comments?post=114404"}],"version-history":[{"count":0,"href":"https:\/\/www.cronacaonline.it\/index.php\/wp-json\/wp\/v2\/posts\/114404\/revisions"}],"wp:attachment":[{"href":"https:\/\/www.cronacaonline.it\/index.php\/wp-json\/wp\/v2\/media?parent=114404"}],"wp:term":[{"taxonomy":"category","embeddable":true,"href":"https:\/\/www.cronacaonline.it\/index.php\/wp-json\/wp\/v2\/categories?post=114404"},{"taxonomy":"post_tag","embeddable":true,"href":"https:\/\/www.cronacaonline.it\/index.php\/wp-json\/wp\/v2\/tags?post=114404"}],"curies":[{"name":"wp","href":"https:\/\/api.w.org\/{rel}","templated":true}]}}