{"id":114400,"date":"2015-02-19T17:20:52","date_gmt":"2015-02-19T16:20:52","guid":{"rendered":"http:\/\/www.cronacaonline.it\/public\/content\/index.php\/19\/02\/2015\/edilizia-popolare-aperti-cantieri-per-8-milioni-saranno-costruiti-105-alloggi-disponibile-sul-sito-web-del-comune-la-graduatoria-definitiva"},"modified":"2015-02-19T17:20:52","modified_gmt":"2015-02-19T16:20:52","slug":"edilizia-popolare-aperti-cantieri-per-8-milioni-saranno-costruiti-105-alloggi-disponibile-sul-sito-web-del-comune-la-graduatoria-definitiva","status":"publish","type":"post","link":"https:\/\/www.cronacaonline.it\/index.php\/2015\/02\/19\/edilizia-popolare-aperti-cantieri-per-8-milioni-saranno-costruiti-105-alloggi-disponibile-sul-sito-web-del-comune-la-graduatoria-definitiva\/","title":{"rendered":"Edilizia popolare, aperti cantieri per 8 milioni: saranno costruiti 105 alloggi, disponibile sul sito web del Comune la graduatoria definitiva."},"content":{"rendered":"<p>Centocinque nuove case popolari che daranno un contributo a quanti ancora, in citt\u00e0, attendono di poter avere un alloggio. Sono stati avviati nelle settimane scorse cantieri di edilizia residenziale popolare in tre aree della citt\u00e0, due da parte dell'agenzia regionale per l'edilizia abitativa (Area) e uno dell'amministrazione comunale.<\/p>\n<p>Gli alloggi sorgeranno nel quadrilatero di via Grazia Deledda (56 con intervento di Area), in piazza Aldo Moro (24 con intervento Area) e via Flumenargia (25 intervento del Comune).<\/p>\n<p>Si tratta di interventi che, complessivamente, comporteranno investimenti per circa 8 milioni di euro.<\/p>\n<p>L'assegnazione degli alloggi di edilizia popolare, fanno sapere dagli uffici competenti del Comune di Sassari, \u00e8 effettuata secondo quanto dispone la legge regionale13\/89, attraverso una graduatoria definitiva, pubblicata su sito web del Comune di Sassari. Di recente, la graduatoria \u00e8 stata utilizzata per assegnare i nuovi alloggi completati e consegnati in via Bellini.<\/p>\n<p>Per poter essere inseriti nella graduatoria \u00e8 necessario essere cittadino italiano o di paese dell'Unione europea, tale diritto si estende agli stranieri extra europei. \u00c8 necessario, inoltre, avere la residenza anagrafica o attivit\u00e0 lavorativa esclusiva o principale nel comune di Sassari, salvo che si tratti di lavoratori sardi emigrati per i quali \u00e8 ammessa la partecipazione ad un solo ambito territoriale.<\/p>\n<p>\u00abSono 1490 le persone presenti nella graduatoria definitiva \u2013 fa sapere l'assessore ai Lavori pubblici e Politiche della casa Ottavio Sanna \u2013 ad alcune \u00e8 stata assegnata di recente mentre gli altri potranno rientrare nelle prossime assegnazioni\u00bb.<\/p>\n<p>La legge regionale, come visto, stabilisce che gli alloggi possano essere assegnati anche a cittadini stranieri extracomunitario, purch\u00e9 in regola con le disposizioni in materia di immigrazione e soggiorno, residenti da almeno cinque anni nel comune interessato.<\/p>\n<p>\u00abIn citt\u00e0 come la nostra, che sempre di pi\u00f9 si aprono e accolgono cittadini provenienti da Paesi europei e non solo \u2013 riprende il rappresentante della giunta di Nicola Sanna \u2013 la presenza di cittadini stranieri o extra europei \u00e8 importante. Molti si sono trasferiti con le loro famiglie e si sono pienamente integrati nel tessuto sociale cittadino. Diventa quasi naturale, quindi, che anche loro presentino domanda di assegnazione di un alloggio di edilizia residenziale popolare.<\/p>\n<p>\"Al momento, nella graduatoria definitiva pubblicata sul sito web del Comune, sono presenti anche alcuni cittadini stranieri in una percentuale inferiore al 10 per cento. In grandi citt\u00e0 come Milano e Roma \u2013 prosegue Ottavio Sanna \u2013 questa presenza arriva a superare anche il 30 o il 40 per cento dei richiedenti\". Com<\/p>\n","protected":false},"excerpt":{"rendered":"<p>Centocinque nuove case popolari che daranno un contributo a quanti ancora, in citt\u00e0, attendono di poter avere un alloggio. Sono stati avviati nelle settimane scorse&#8230;<\/p>\n","protected":false},"author":2,"featured_media":0,"comment_status":"closed","ping_status":"closed","sticky":false,"template":"","format":"standard","meta":[],"categories":[49],"tags":[],"_links":{"self":[{"href":"https:\/\/www.cronacaonline.it\/index.php\/wp-json\/wp\/v2\/posts\/114400"}],"collection":[{"href":"https:\/\/www.cronacaonline.it\/index.php\/wp-json\/wp\/v2\/posts"}],"about":[{"href":"https:\/\/www.cronacaonline.it\/index.php\/wp-json\/wp\/v2\/types\/post"}],"author":[{"embeddable":true,"href":"https:\/\/www.cronacaonline.it\/index.php\/wp-json\/wp\/v2\/users\/2"}],"replies":[{"embeddable":true,"href":"https:\/\/www.cronacaonline.it\/index.php\/wp-json\/wp\/v2\/comments?post=114400"}],"version-history":[{"count":0,"href":"https:\/\/www.cronacaonline.it\/index.php\/wp-json\/wp\/v2\/posts\/114400\/revisions"}],"wp:attachment":[{"href":"https:\/\/www.cronacaonline.it\/index.php\/wp-json\/wp\/v2\/media?parent=114400"}],"wp:term":[{"taxonomy":"category","embeddable":true,"href":"https:\/\/www.cronacaonline.it\/index.php\/wp-json\/wp\/v2\/categories?post=114400"},{"taxonomy":"post_tag","embeddable":true,"href":"https:\/\/www.cronacaonline.it\/index.php\/wp-json\/wp\/v2\/tags?post=114400"}],"curies":[{"name":"wp","href":"https:\/\/api.w.org\/{rel}","templated":true}]}}