{"id":114398,"date":"2015-02-19T17:20:52","date_gmt":"2015-02-19T16:20:52","guid":{"rendered":"http:\/\/www.cronacaonline.it\/public\/content\/index.php\/19\/02\/2015\/riforma-enti-locali-erriu-presto-legge-in-aula-i-comuni-non-saranno-lasciati-soli-fondi-per-nuovi-corsi-di-formazione"},"modified":"2015-02-19T17:20:52","modified_gmt":"2015-02-19T16:20:52","slug":"riforma-enti-locali-erriu-presto-legge-in-aula-i-comuni-non-saranno-lasciati-soli-fondi-per-nuovi-corsi-di-formazione","status":"publish","type":"post","link":"https:\/\/www.cronacaonline.it\/index.php\/2015\/02\/19\/riforma-enti-locali-erriu-presto-legge-in-aula-i-comuni-non-saranno-lasciati-soli-fondi-per-nuovi-corsi-di-formazione\/","title":{"rendered":"Riforma enti locali: Erriu, presto legge in aula. I comuni non saranno lasciati soli, fondi per nuovi corsi di formazione"},"content":{"rendered":"<p>\u201cLa Riforma degli Enti locali andr\u00e0 in Consiglio Regionale tra qualche settimana, subito dopo la finanziaria. Per il bene della Sardegna dobbiamo procedere spediti nel sostenere i processi di cooperazione intercomunale e creare le basi giuridiche perch\u00e9 i Comuni siano messi nelle condizioni di garantire servizi e funzioni efficienti a beneficio dei cittadini amministrati\u201d. A dirlo questa mattina l\u2019assessore degli Enti locali Cristiano Erriu, durante il saluto per la giornata conclusiva dei corsi di formazione professionale, al Crfp di via Caravaggio a Cagliari.<\/p>\n<p>\u201cI Comuni della Sardegna si sostengono grazie a forti trasferimenti da parte della Regione \u2013 ha proseguito l\u2019assessore Erriu \u2013 che, attraverso il fondo unico, assicura agli enti locali una consistente contribuzione,&nbsp; la pi\u00f9 alta in assoluto a livello nazionale. Ma la Regione non \u00e8 pi\u00f9 in grado di sostenere un ulteriore incremento di una spesa gi\u00e0 cos\u00ec ingente. Tra l'altro il vincolo del Patto di stabilit\u00e0 rende estremamente rigida la spesa corrente necessaria per fa funzionare le macchine comunali e rende pi\u00f9 difficoltosi gli investimenti. \u201d.<\/p>\n<p>L\u2019esponente della giunta Pigliaru ha inoltre rassicurato: \u201cI Sindaci e tutti gli operatori dei Comuni non possono essere lasciati soli, anche per questo motivo attiveremo altri corsi di formazione, grazie all\u2019utilizzo di fondi FESR destinati a questo tipo di attivit\u00e0, per il rafforzamento del servizio degli enti locali, e un'integrazione sempre pi\u00f9 forte nella gestione dei temi dell\u2019urbanistica e del paesaggio\u201d.<\/p>\n<p>Fondamentale la collaborazione con Anci e Ups nel percorso di riorganizzazione degli enti, con l\u2019istituzione dell\u2019Osservatorio: le 142 funzioni delegate dalla Regione alle Province dovranno essere ripensate nella maniera pi\u00f9 adeguata. \u201cL\u2019Osservatorio \u00e8 un laboratorio collettivo di intelligenze e competenze \u2013 ha detto Erriu- che va sfruttato ai massimi livelli. I comuni sono i protagonisti di questo cambiamento e devono essere accompagnati in maniera adeguata alla sfida che a breve si troveranno ad affrontare\u201d. <\/p>\n","protected":false},"excerpt":{"rendered":"<p>\u201cLa Riforma degli Enti locali andr\u00e0 in Consiglio Regionale tra qualche settimana, subito dopo la finanziaria. Per il bene della Sardegna dobbiamo procedere spediti nel&#8230;<\/p>\n","protected":false},"author":2,"featured_media":0,"comment_status":"closed","ping_status":"closed","sticky":false,"template":"","format":"standard","meta":[],"categories":[49],"tags":[],"_links":{"self":[{"href":"https:\/\/www.cronacaonline.it\/index.php\/wp-json\/wp\/v2\/posts\/114398"}],"collection":[{"href":"https:\/\/www.cronacaonline.it\/index.php\/wp-json\/wp\/v2\/posts"}],"about":[{"href":"https:\/\/www.cronacaonline.it\/index.php\/wp-json\/wp\/v2\/types\/post"}],"author":[{"embeddable":true,"href":"https:\/\/www.cronacaonline.it\/index.php\/wp-json\/wp\/v2\/users\/2"}],"replies":[{"embeddable":true,"href":"https:\/\/www.cronacaonline.it\/index.php\/wp-json\/wp\/v2\/comments?post=114398"}],"version-history":[{"count":0,"href":"https:\/\/www.cronacaonline.it\/index.php\/wp-json\/wp\/v2\/posts\/114398\/revisions"}],"wp:attachment":[{"href":"https:\/\/www.cronacaonline.it\/index.php\/wp-json\/wp\/v2\/media?parent=114398"}],"wp:term":[{"taxonomy":"category","embeddable":true,"href":"https:\/\/www.cronacaonline.it\/index.php\/wp-json\/wp\/v2\/categories?post=114398"},{"taxonomy":"post_tag","embeddable":true,"href":"https:\/\/www.cronacaonline.it\/index.php\/wp-json\/wp\/v2\/tags?post=114398"}],"curies":[{"name":"wp","href":"https:\/\/api.w.org\/{rel}","templated":true}]}}