{"id":114397,"date":"2015-02-19T17:20:52","date_gmt":"2015-02-19T16:20:52","guid":{"rendered":"http:\/\/www.cronacaonline.it\/public\/content\/index.php\/19\/02\/2015\/finanziaria-2015-paci-al-consiglio-rigore-e-sviluppo-con-questa-manovra-vogliamo-portare-la-sardegna-fuori-dalla-crisi"},"modified":"2015-02-19T17:20:52","modified_gmt":"2015-02-19T16:20:52","slug":"finanziaria-2015-paci-al-consiglio-rigore-e-sviluppo-con-questa-manovra-vogliamo-portare-la-sardegna-fuori-dalla-crisi","status":"publish","type":"post","link":"https:\/\/www.cronacaonline.it\/index.php\/2015\/02\/19\/finanziaria-2015-paci-al-consiglio-rigore-e-sviluppo-con-questa-manovra-vogliamo-portare-la-sardegna-fuori-dalla-crisi\/","title":{"rendered":"Finanziaria 2015, Paci al consiglio: rigore e sviluppo, con questa manovra vogliamo portare la Sardegna fuori dalla crisi"},"content":{"rendered":"<p>\"La situazione \u00e8 drammatica e non lascia tregua dal 2008 fra disoccupazione e crisi dei territori. Noi, in una situazione cos\u00ec, vogliamo provare a portare fuori la Sardegna dalla crisi: abbiamo cercato di mantenere l'equilibrio dei conti pubblici come impongono costituzione e leggi contabili ma allo stesso tempo abbiamo cercato di tracciare una forte linea di sviluppo\". L'ha detto l'assessore del bilancio e della programmazione Raffaele Paci chiudendo in consiglio regionale la discussione generale sulla manovra finanziaria per il 2015.<\/p>\n<p>\"questa manovra ha tre capisaldi - ha spiegato il vicepresidente della regione - abolizione del vincolo del patto stabilit\u00e0, programmazione unitaria dei fondi regionali statali ed europei, forte intervento di tipo keynesiano per sviluppare la domanda interna attraverso un piano per le infrastrutture. Quindi possibilit\u00e0 di spendere tutto quello che entra nelle nostre casse e dunque zero residui passivi, ovvero promesse di pagamento che non si possono mantenere, 700 milioni di opere pubbliche in otto anni per rinvigorire l'economia delle imprese, attraverso l'intervento pubblico, e voglio rassicurare tutti sul fatto che non ci stiamo certo indebitando, visto il progressivo abbassamento del debito e il costo del denaro quasi nullo.&nbsp; E poi i fondi integrati, con l'obbligo di spendere prima di tutto i fondi europei e poi quelli nazionali e regionali, una vera rivoluzione culturale\".<\/p>\n<p>L'assessore paci ha ricordato che sul Fesr per il 2015 restano da spendere 397 milioni, e che complessivamente sono 500 i milioni disponibili quest'anno da Bruxelles, e che col via libera alla manovra finanziaria scatter\u00e0 immediatamente il cofinanziamento regionale da 81 milioni di euro che permetter\u00e0 di procedere con i bandi: 59 milioni sono pronti per le politiche attive per il lavoro, 73 per le imprese, 47 per cultura, sport e turismo, 165 per l'agricoltura. \"nessuno poi ha mai detto che la vertenza entrate \u00e8 chiusa, anzi continuiamo a trattare con Roma costantemente e dopo avere ricevuto i primi 300 milioni probabilmente riusciremo a chiudere entro luglio. E un altro importante risultato \u00e8 quello delle riserve erariali che restano in Sardegna per abbattere il debito pubblico di regione ed enti locali\", ha ricordato l'assessore paci.<\/p>\n<p>Strategico e senza precedenti \u00e8 poi il taglio dell'Irap - l'imposta regionale sulle attivit\u00e0 produttive - abbattuta del 25% per sempre \u00e8 azzerata per i primi 5 anni alle nuove imprese. \"a questi tagli va sommato il 20-30% di sgravio previsto dalla legge di stabilit\u00e0 del governo Renzi. \u00c8 l'irap pi\u00f9 bassa d'Italia, nessuno paga una tassa pi\u00f9 bassa di quella che pagano gli imprenditori sardi. Poi \u00e8 chiaro che speriamo in una migliore congiuntura che, entro la fine della legislatura, ci consenta di abbassare le tasse, questo \u00e8 un nostro obiettivo\".<\/p>\n<p>L'esponente della giunta Pigliaru ha poi ringraziato tutti i consiglieri per il lavoro in commissione che ha consentito di migliorare la manovra stanziando 45 milioni in pi\u00f9 per i settori strategici, dalla scuola alla cultura allo spettacolo fino al lavoro. \"e ci sono aspetti che ancora miglioreremo, per esempio il sociale che abbiamo deciso di trattare direttamente in aula proprio per la sua importanza, ma anche in questo settore accogliamo la sfida riformista, non possono esserci vincoli fissi per sempre, andiamo invece a vedere le leggi per capire se c'\u00e8 la possibilit\u00e0 di ridurre gli sprechi e dare risorse a chi ne ha davvero bisogno\".<\/p>\n<p>Infine, il capitolo riforme perch\u00e9 \"il rilancio della Sardegna non passa solo dalla manovra finanziaria: dunque lavoriamo all'organizzazione di regione e pubblica amministrazione, enti locali, urbanistica, industria, agricoltura. Ho la consapevolezza di una manovra seria che condividiamo con la nostra maggioranza: sono certo che stiamo iniziando il giusto percorso per portare la Sardegna fuori dalla crisi e dare solide prospettive di sviluppo a tutti i nostri cittadini: procediamo con grande seriet\u00e0, l'entusiasmo lo riserviamo al momento in cui vedremo gli indicatori sulla disoccupazione finalmente scendere\".<\/p>\n","protected":false},"excerpt":{"rendered":"<p>&#8220;La situazione \u00e8 drammatica e non lascia tregua dal 2008 fra disoccupazione e crisi dei territori. Noi, in una situazione cos\u00ec, vogliamo provare a portare&#8230;<\/p>\n","protected":false},"author":2,"featured_media":0,"comment_status":"closed","ping_status":"closed","sticky":false,"template":"","format":"standard","meta":[],"categories":[49],"tags":[],"_links":{"self":[{"href":"https:\/\/www.cronacaonline.it\/index.php\/wp-json\/wp\/v2\/posts\/114397"}],"collection":[{"href":"https:\/\/www.cronacaonline.it\/index.php\/wp-json\/wp\/v2\/posts"}],"about":[{"href":"https:\/\/www.cronacaonline.it\/index.php\/wp-json\/wp\/v2\/types\/post"}],"author":[{"embeddable":true,"href":"https:\/\/www.cronacaonline.it\/index.php\/wp-json\/wp\/v2\/users\/2"}],"replies":[{"embeddable":true,"href":"https:\/\/www.cronacaonline.it\/index.php\/wp-json\/wp\/v2\/comments?post=114397"}],"version-history":[{"count":0,"href":"https:\/\/www.cronacaonline.it\/index.php\/wp-json\/wp\/v2\/posts\/114397\/revisions"}],"wp:attachment":[{"href":"https:\/\/www.cronacaonline.it\/index.php\/wp-json\/wp\/v2\/media?parent=114397"}],"wp:term":[{"taxonomy":"category","embeddable":true,"href":"https:\/\/www.cronacaonline.it\/index.php\/wp-json\/wp\/v2\/categories?post=114397"},{"taxonomy":"post_tag","embeddable":true,"href":"https:\/\/www.cronacaonline.it\/index.php\/wp-json\/wp\/v2\/tags?post=114397"}],"curies":[{"name":"wp","href":"https:\/\/api.w.org\/{rel}","templated":true}]}}