{"id":114393,"date":"2015-02-20T17:20:52","date_gmt":"2015-02-20T16:20:52","guid":{"rendered":"http:\/\/www.cronacaonline.it\/public\/content\/index.php\/20\/02\/2015\/protezione-civile-assessore-spano-risorse-fuori-dal-patto-di-stabilita-o-e-impossibile-fare-prevenzione"},"modified":"2015-02-20T17:20:52","modified_gmt":"2015-02-20T16:20:52","slug":"protezione-civile-assessore-spano-risorse-fuori-dal-patto-di-stabilita-o-e-impossibile-fare-prevenzione","status":"publish","type":"post","link":"https:\/\/www.cronacaonline.it\/index.php\/2015\/02\/20\/protezione-civile-assessore-spano-risorse-fuori-dal-patto-di-stabilita-o-e-impossibile-fare-prevenzione\/","title":{"rendered":"Protezione civile: assessore Spano, risorse fuori dal patto di stabilit\u00e0 o \u00e8 impossibile fare prevenzione"},"content":{"rendered":"<p>La Commissione speciale Protezione Civile della Conferenza delle Regioni si \u00e8 riunita ieri per esaminare la proposta di legge che delega il Governo al riordino delle disposizioni normative sul sistema nazionale della protezione civile. Per la Sardegna era presente l'assessore regionale della Difesa dell'Ambiente, Donatella Spano, che ha una specifica delega sulla materia.<\/p>\n<p>Tutte le Regioni hanno concordato sulla necessit\u00e0 di un riordino e della razionalizzazione della normativa attualmente vigente. Nel corso della riunione, l'assessore Spano \u00e8 intervenuta per sottolineare l'importanza di collocare al di fuori del Patto di Stabilit\u00e0 interno le risorse finanziarie statali destinate alla protezione civile. \"Diversamente \u2013 ha spiegato Spano \u2013 sarebbe molto difficile dare concreta attuazione alle attivit\u00e0 di prevenzione e mitigazione del rischio cui fa riferimento lo stesso disegno di legge. Un altro tassello fondamentale, che dovr\u00e0 avere un ruolo nella nuova legge di riordino del sistema di protezione civile, \u00e8 il volontariato che opera nel settore, rispetto al quale si chieder\u00e0 un migliore coordinamento ed un esplicito impegno anche nelle attivit\u00e0 di prevenzione\".<\/p>\n<p>Durante l\u2019incontro si \u00e8 parlato anche della necessit\u00e0 di un maggiore coordinamento delle attivit\u00e0 tra le istituzioni statali e quelle regionali, e l'imprescindibile articolazione territoriale che deve caratterizzare le strutture di protezione civile. \"Dall'inizio del mio mandato di assessore della Difesa dell'Ambiente \u2013 ha sottolineato Spano \u2013 ho lavorato per far recuperare alla Sardegna il gap temporale rispetto al resto delle altre Regioni: oggi abbiamo finalmente un centro funzionale di Protezione civile e abbiamo pubblicato il Manuale delle allerte. Ora stiamo lavorando per creare organismi decentrati allo scopo di assicurare uno stretto legame tra la cabina di regia e il territorio, in modo che i sindaci della Sardegna non siano pi\u00f9 lasciati soli davanti alle emergenze derivanti dalle calamit\u00e0 che possono colpire i loro territori\".<\/p>\n","protected":false},"excerpt":{"rendered":"<p>La Commissione speciale Protezione Civile della Conferenza delle Regioni si \u00e8 riunita ieri per esaminare la proposta di legge che delega il Governo al riordino&#8230;<\/p>\n","protected":false},"author":2,"featured_media":0,"comment_status":"closed","ping_status":"closed","sticky":false,"template":"","format":"standard","meta":[],"categories":[49],"tags":[],"_links":{"self":[{"href":"https:\/\/www.cronacaonline.it\/index.php\/wp-json\/wp\/v2\/posts\/114393"}],"collection":[{"href":"https:\/\/www.cronacaonline.it\/index.php\/wp-json\/wp\/v2\/posts"}],"about":[{"href":"https:\/\/www.cronacaonline.it\/index.php\/wp-json\/wp\/v2\/types\/post"}],"author":[{"embeddable":true,"href":"https:\/\/www.cronacaonline.it\/index.php\/wp-json\/wp\/v2\/users\/2"}],"replies":[{"embeddable":true,"href":"https:\/\/www.cronacaonline.it\/index.php\/wp-json\/wp\/v2\/comments?post=114393"}],"version-history":[{"count":0,"href":"https:\/\/www.cronacaonline.it\/index.php\/wp-json\/wp\/v2\/posts\/114393\/revisions"}],"wp:attachment":[{"href":"https:\/\/www.cronacaonline.it\/index.php\/wp-json\/wp\/v2\/media?parent=114393"}],"wp:term":[{"taxonomy":"category","embeddable":true,"href":"https:\/\/www.cronacaonline.it\/index.php\/wp-json\/wp\/v2\/categories?post=114393"},{"taxonomy":"post_tag","embeddable":true,"href":"https:\/\/www.cronacaonline.it\/index.php\/wp-json\/wp\/v2\/tags?post=114393"}],"curies":[{"name":"wp","href":"https:\/\/api.w.org\/{rel}","templated":true}]}}