{"id":114387,"date":"2015-02-20T17:20:52","date_gmt":"2015-02-20T16:20:52","guid":{"rendered":"http:\/\/www.cronacaonline.it\/public\/content\/index.php\/20\/02\/2015\/presidente-consiglio-regionale-ganau-i-comuni-e-la-sardegna-hanno-bisogno-di-una-nuova-legge-urbanistica"},"modified":"2015-02-20T17:20:52","modified_gmt":"2015-02-20T16:20:52","slug":"presidente-consiglio-regionale-ganau-i-comuni-e-la-sardegna-hanno-bisogno-di-una-nuova-legge-urbanistica","status":"publish","type":"post","link":"https:\/\/www.cronacaonline.it\/index.php\/2015\/02\/20\/presidente-consiglio-regionale-ganau-i-comuni-e-la-sardegna-hanno-bisogno-di-una-nuova-legge-urbanistica\/","title":{"rendered":"Presidente Consiglio Regionale Ganau: \u201cI comuni e la Sardegna hanno bisogno di una nuova legge urbanistica\u201d."},"content":{"rendered":"<p>\u201cServe una legge urbanistica regionale che semplifichi le norme, finalmente applicabili, e che fornisca indicazioni precise ai Comuni\u201d. Questo \u00e8 quanto ha dichiarato dal presidente del Consiglio regionale della Sardegna, Gianfranco Ganau nel corso dell'incontro dibattito sul nuovo Puc di Sassari e la Legge di governo del territorio, promosso questa mattina nella sede della Camera di Commercio cittadina dall'Aniem Sardegna, in collaborazione con la Confapi Sardegna.<\/p>\n<p>Il presidente Ganau ha raccontato il percorso di definizione del piano urbanistico comunale della citt\u00e0 che ha amministrato per nove anni e le ragioni che hanno spinto l\u2019allora' amministrazione comunale a lavorare per la stesura d un nuovo piano.<\/p>\n<p>\u00abLa citt\u00e0 aveva l'urgenza e la necessit\u00e0 oggettiva di darsi delle nuove regole urbanistiche - ha ricordato Ganau - due amministrazioni ci avevano gi\u00e0 provato prima inutilmente, a causa di una crescita urbanistica disordinata e negli anni contraddittoria, con un agro eccessivamente urbanizzato, unico esempio in Sardegna e in Italia\u00bb.<\/p>\n<p>Il presidente del Consiglio ha precisato quanto nei nove anni di gestazione del nuovo strumento urbanistico, l'applicazione del Piano paesaggistico regionale complic\u00f2 la sua definizione - \u00abSolo 13 comuni sono riusciti a portare a casa il risultato anche a causa di interpretazioni spesso contraddittorie del PPR ma anche e soprattutto per la mancanza di una legge urbanistica che consentirebbe ai comuni di applicare velocemente le proprie norme in maniera efficiente e moderna. L'impegno del Consiglio regionale - ha infine aggiunto Ganau - sar\u00e0 quello di far approdare in aula quanto prima, subito dopo l'approvazione della finanziaria all'esame dell'Assemblea proprio in questi giorni, il nuovo&nbsp; Piano Casa, ma senza una legge urbanistica moderna che semplifichi&nbsp; le norme, finalmente applicabili in maniera precisa ed univoca, difficilmente i comuni potranno definire regole&nbsp; certe e uno sviluppo urbanistico in grado di migliorare la qualit\u00e0 urbana&nbsp; e rilanciare il comparto edilizio\u00bb. Red<\/p>\n","protected":false},"excerpt":{"rendered":"<p>\u201cServe una legge urbanistica regionale che semplifichi le norme, finalmente applicabili, e che fornisca indicazioni precise ai Comuni\u201d. Questo \u00e8 quanto ha dichiarato dal presidente&#8230;<\/p>\n","protected":false},"author":2,"featured_media":0,"comment_status":"closed","ping_status":"closed","sticky":false,"template":"","format":"standard","meta":[],"categories":[49],"tags":[],"_links":{"self":[{"href":"https:\/\/www.cronacaonline.it\/index.php\/wp-json\/wp\/v2\/posts\/114387"}],"collection":[{"href":"https:\/\/www.cronacaonline.it\/index.php\/wp-json\/wp\/v2\/posts"}],"about":[{"href":"https:\/\/www.cronacaonline.it\/index.php\/wp-json\/wp\/v2\/types\/post"}],"author":[{"embeddable":true,"href":"https:\/\/www.cronacaonline.it\/index.php\/wp-json\/wp\/v2\/users\/2"}],"replies":[{"embeddable":true,"href":"https:\/\/www.cronacaonline.it\/index.php\/wp-json\/wp\/v2\/comments?post=114387"}],"version-history":[{"count":0,"href":"https:\/\/www.cronacaonline.it\/index.php\/wp-json\/wp\/v2\/posts\/114387\/revisions"}],"wp:attachment":[{"href":"https:\/\/www.cronacaonline.it\/index.php\/wp-json\/wp\/v2\/media?parent=114387"}],"wp:term":[{"taxonomy":"category","embeddable":true,"href":"https:\/\/www.cronacaonline.it\/index.php\/wp-json\/wp\/v2\/categories?post=114387"},{"taxonomy":"post_tag","embeddable":true,"href":"https:\/\/www.cronacaonline.it\/index.php\/wp-json\/wp\/v2\/tags?post=114387"}],"curies":[{"name":"wp","href":"https:\/\/api.w.org\/{rel}","templated":true}]}}