{"id":114384,"date":"2015-02-20T17:20:52","date_gmt":"2015-02-20T16:20:52","guid":{"rendered":"http:\/\/www.cronacaonline.it\/public\/content\/index.php\/20\/02\/2015\/al-lavoro-il-primo-tavolo-tecnico-per-la-nuova-legge-sulleditoria"},"modified":"2015-02-20T17:20:52","modified_gmt":"2015-02-20T16:20:52","slug":"al-lavoro-il-primo-tavolo-tecnico-per-la-nuova-legge-sulleditoria","status":"publish","type":"post","link":"https:\/\/www.cronacaonline.it\/index.php\/2015\/02\/20\/al-lavoro-il-primo-tavolo-tecnico-per-la-nuova-legge-sulleditoria\/","title":{"rendered":"Al lavoro il primo tavolo tecnico per la nuova legge sull&#8217;editoria"},"content":{"rendered":"<p>L\u2019assessore regionale alla Cultura, Claudia Firino, questa mattina ha coordinato i lavori del primo tavolo di confronto sull\u2019editoria, con l'obiettivo di aggiornare l'attuale normativa di un settore che, come hanno sottolineato tutti i convenuti all\u2019incontro che si \u00e8 tenuto alla Biblioteca regionale di viale Trieste, a Cagliari, \u201cha necessit\u00e0 di un provvedimento innovativo che tenga conto delle esigenze di tutti gli attori, dai nuovi media all\u2019utilizzo delle nuove tecnologie\u201d.<\/p>\n<p>Numerosi i rappresentanti dell\u2019editoria tradizionale e del mondo dell\u2019informazione. \u201cMa nessuno deve sentirsi escluso \u2013 ha tenuto a sottolineare l\u2019assessore Firino \u2013. Chiunque ne abbia titolo, pu\u00f2 far parte dei tavoli tecnici che, almeno nella prima fase, lavoreranno separatamente: i rappresentanti dell\u2019editoria libraria si incontreranno venerd\u00ec 27 febbraio, quelli dell\u2019informazione luned\u00ec 2 marzo. Successivamente il tavolo verr\u00e0 unificato, per arrivare a una proposta organica e il pi\u00f9 possibile condivisa.<\/p>\n<p>Desidero dare certezze normative ad un settore eterogeneo che ha bisogno di un intervento innovativo. Ci sono delle realt\u00e0 di cui dobbiamo tenere conto, come le testate on line, che ormai fanno parte a pieno titolo del panorama editoriale. \u00c8 auspicabile che i tavoli siano aperti a un confronto schietto e concreto, per arrivare in tempi brevi alla stesura di una proposta\u201d.<\/p>\n<p>Tra i primi contributi arrivati da editori e giornalisti, l\u2019introduzione della regolare applicazione dei contratti nazionali di lavoro tra i criteri per l\u2019assegnazione dei finanziamenti regionali, da estendere alle radio e ai giornali on line.<\/p>\n","protected":false},"excerpt":{"rendered":"<p>L\u2019assessore regionale alla Cultura, Claudia Firino, questa mattina ha coordinato i lavori del primo tavolo di confronto sull\u2019editoria, con l&#8217;obiettivo di aggiornare l&#8217;attuale normativa di&#8230;<\/p>\n","protected":false},"author":2,"featured_media":0,"comment_status":"closed","ping_status":"closed","sticky":false,"template":"","format":"standard","meta":[],"categories":[49],"tags":[],"_links":{"self":[{"href":"https:\/\/www.cronacaonline.it\/index.php\/wp-json\/wp\/v2\/posts\/114384"}],"collection":[{"href":"https:\/\/www.cronacaonline.it\/index.php\/wp-json\/wp\/v2\/posts"}],"about":[{"href":"https:\/\/www.cronacaonline.it\/index.php\/wp-json\/wp\/v2\/types\/post"}],"author":[{"embeddable":true,"href":"https:\/\/www.cronacaonline.it\/index.php\/wp-json\/wp\/v2\/users\/2"}],"replies":[{"embeddable":true,"href":"https:\/\/www.cronacaonline.it\/index.php\/wp-json\/wp\/v2\/comments?post=114384"}],"version-history":[{"count":0,"href":"https:\/\/www.cronacaonline.it\/index.php\/wp-json\/wp\/v2\/posts\/114384\/revisions"}],"wp:attachment":[{"href":"https:\/\/www.cronacaonline.it\/index.php\/wp-json\/wp\/v2\/media?parent=114384"}],"wp:term":[{"taxonomy":"category","embeddable":true,"href":"https:\/\/www.cronacaonline.it\/index.php\/wp-json\/wp\/v2\/categories?post=114384"},{"taxonomy":"post_tag","embeddable":true,"href":"https:\/\/www.cronacaonline.it\/index.php\/wp-json\/wp\/v2\/tags?post=114384"}],"curies":[{"name":"wp","href":"https:\/\/api.w.org\/{rel}","templated":true}]}}