{"id":114379,"date":"2015-02-20T17:20:52","date_gmt":"2015-02-20T16:20:52","guid":{"rendered":"http:\/\/www.cronacaonline.it\/public\/content\/index.php\/20\/02\/2015\/assessore-morandi-comune-di-cagliari-e-amministratori-territorio-presentano-il-cammino-di-santefisio-celebrazione-unica-nel-mediterraneo-tra-fede-cultura-e-turismo"},"modified":"2015-02-20T17:20:52","modified_gmt":"2015-02-20T16:20:52","slug":"assessore-morandi-comune-di-cagliari-e-amministratori-territorio-presentano-il-cammino-di-santefisio-celebrazione-unica-nel-mediterraneo-tra-fede-cultura-e-turismo","status":"publish","type":"post","link":"https:\/\/www.cronacaonline.it\/index.php\/2015\/02\/20\/assessore-morandi-comune-di-cagliari-e-amministratori-territorio-presentano-il-cammino-di-santefisio-celebrazione-unica-nel-mediterraneo-tra-fede-cultura-e-turismo\/","title":{"rendered":"Assessore Morandi, comune di Cagliari e amministratori territorio presentano il cammino di Sant&#8217;Efisio: &#8220;celebrazione unica nel mediterraneo, tra fede, cultura e turismo&#8221;"},"content":{"rendered":"<p>Il cammino religioso di Sant\u2019Efisio, festa unica nel Mediterraneo, attraversa un'area di grande valenza ambientale e paesaggistica e unisce simbolicamente l\u2019isola tra spiritualit\u00e0 e tradizione. Quattro giorni di pellegrinaggio a piedi, nel segno della devozione del Santo martire, per un totale di quasi cento chilometri tra andata, ritorno e deviazioni, lungo un percorso che coinvolge il territorio e i centri abitati di cinque comuni tra Cagliari e Nora. Regione, amministrazioni locali, con i sindaci, la Curia, alla presenza dell\u2019arcivescovo di Cagliari Arrigo Miglio, e Soprintendenza, hanno presentato oggi in conferenza stampa il sistema per la completa valorizzazione di una delle celebrazioni pi\u00f9 caratterizzanti dell\u2019identit\u00e0 e della tradizione della Sardegna.<\/p>\n<p>Cammini di Sardegna e itinerari religiosi. La Regione, con decreto del 5 febbraio scorso, ha riconosciuto la valenza culturale-turistica e spirituale del percorso con l\u2019iscrizione nel registro dei cammini di Sardegna. Questa iniziativa ha segnato una tappa decisiva nelle azioni di salvaguardia dell\u2019evento e per la sua promozione, iniziata gi\u00e0 a marzo 2014 con la firma del protocollo d\u2019intesa per la realizzazione di misure di salvaguardia del \u201cRito dello scioglimento del voto e della festa di Sant\u2019Efisio\u201d, siglato dai comuni di Cagliari, Pula, Villa San Pietro, Capoterra e Sarroch, dalla Curia arcivescovile Diocesi di Cagliari, dalla Direzione regionale per Beni culturali, dalla Soprintendenza per i Beni architettonici per le province di Cagliari e Oristano.<\/p>\n<p>&nbsp;\u201cIl patrimonio culturale-religioso di valore inestimabile dell\u2019isola, nel quale si annovera a pieno titolo la Festa di Sant\u2019Efisio - ha detto l\u2019assessore del Turismo, Artigianato e Commercio, Francesco Morandi stamane ai giornalisti - custodito grazie all\u2019attivit\u00e0 della Chiesa e delle comunit\u00e0 locali, rappresenta, salvaguardandone la valenza spirituale, anche uno strumento capace di produrre beni e servizi. Per questo - ha continuato Morandi - l\u2019attivit\u00e0 di strutturazione e di promozione del turismo religioso non sar\u00e0 soltanto limitata al settore ma anche indirizzata a uno sviluppo complessivo delle aree interne, secondo una vocazione particolarmente radicata in questi territori, attrattori di fedeli e appassionati di cultura religiosa. La Regione - ha concluso l\u2019esponente della Giunta Pigliaru - sosterr\u00e0 con forza la candidatura per l\u2019iscrizione della festa di Sant\u2019Efisio nella lista rappresentativa del patrimonio culturale immateriale dell\u2019umanit\u00e0 Unesco\u201d.<\/p>\n<p>\u201cDopo anni di intenso lavoro, la formalizzazione del Cammino di Sant\u2019Efisio, rappresenta un altro tassello fondamentale nel percorso di tutela e trasmissione del rito di scioglimento del voto e della festa di Sant\u2019Efisio - ha sottolineato l\u2019assessore del Turismo del Comune di Cagliari, Barbara Argiolas in conferenza stampa - Dopo la sigla del Protocollo di salvaguardia tra i cinque comuni, la Curia, il Mibact e la Soprintendenza, e la candidatura all\u2019Unesco dello scorso anno, la scommessa che ci apprestiamo a vincere \u00e8 quella di rendere fruibile il percorso per i pellegrini da Cagliari fino a Nora lungo tutto l\u2019arco dell\u2019anno. Ottenere il riconoscimento dell\u2019Unesco fin dal 2015 avrebbe un\u2019importanza strategica per tutta la comunit\u00e0 sarda, poich\u00e9 la forza che emerge da questo lavoro \u00e8 quella di un territorio unito che ha saputo coniugare attorno al rito tutto il sistema di valori, di eccellenza, di autenticit\u00e0 e qualit\u00e0 proprio della nostra isola\u201d.<\/p>\n<p>Alla presentazione ha partecipato anche l\u2019arcivescovo di Cagliari, Monsignor Arrigo Miglio: \u201cI cammini religiosi hanno grandi principi ispiratori comuni. In essi la dimensione spirituale convive con le altre dimensioni, come quella culturale e turistica, e una dimensione illumina l\u2019altra. Ritengo quindi molto importanti le iniziative di valorizzazione degli itinerari da parte della Regione e dei Comuni, soprattutto quando si parla di Sant\u2019Efisio, un personaggio storico che ha pagato la sua fede con il sangue e la vita\u201d.<\/p>\n<p>La Regione punter\u00e0 sul Cammino di Sant\u2019Efisio favorendo diverse azioni come la realizzazione di segnaletica e attrezzature, la messa in sicurezza dei percorsi anche per diversamente abili o la creazione di mappe e supporti informatici cartografici. Sar\u00e0 necessaria una stretta sinergia fra tutte le amministrazioni locali nell\u2019ambito di un piano teso alla creazione, con la regia regionale, di un\u2019offerta unica e strutturata, capace di attrarre \u2018nicchie\u2019 di possibili fruitori nei mercati interessati e che possa diventare competitiva in un segmento turistico che coinvolge 300 milioni di persone nel mondo e di movimentare in Italia ogni anno, circa cinque milioni e mezzo di pellegrini.<\/p>\n","protected":false},"excerpt":{"rendered":"<p>Il cammino religioso di Sant\u2019Efisio, festa unica nel Mediterraneo, attraversa un&#8217;area di grande valenza ambientale e paesaggistica e unisce simbolicamente l\u2019isola tra spiritualit\u00e0 e tradizione.&#8230;<\/p>\n","protected":false},"author":2,"featured_media":0,"comment_status":"closed","ping_status":"closed","sticky":false,"template":"","format":"standard","meta":[],"categories":[49],"tags":[],"_links":{"self":[{"href":"https:\/\/www.cronacaonline.it\/index.php\/wp-json\/wp\/v2\/posts\/114379"}],"collection":[{"href":"https:\/\/www.cronacaonline.it\/index.php\/wp-json\/wp\/v2\/posts"}],"about":[{"href":"https:\/\/www.cronacaonline.it\/index.php\/wp-json\/wp\/v2\/types\/post"}],"author":[{"embeddable":true,"href":"https:\/\/www.cronacaonline.it\/index.php\/wp-json\/wp\/v2\/users\/2"}],"replies":[{"embeddable":true,"href":"https:\/\/www.cronacaonline.it\/index.php\/wp-json\/wp\/v2\/comments?post=114379"}],"version-history":[{"count":0,"href":"https:\/\/www.cronacaonline.it\/index.php\/wp-json\/wp\/v2\/posts\/114379\/revisions"}],"wp:attachment":[{"href":"https:\/\/www.cronacaonline.it\/index.php\/wp-json\/wp\/v2\/media?parent=114379"}],"wp:term":[{"taxonomy":"category","embeddable":true,"href":"https:\/\/www.cronacaonline.it\/index.php\/wp-json\/wp\/v2\/categories?post=114379"},{"taxonomy":"post_tag","embeddable":true,"href":"https:\/\/www.cronacaonline.it\/index.php\/wp-json\/wp\/v2\/tags?post=114379"}],"curies":[{"name":"wp","href":"https:\/\/api.w.org\/{rel}","templated":true}]}}