{"id":114366,"date":"2015-02-23T17:20:52","date_gmt":"2015-02-23T16:20:52","guid":{"rendered":"http:\/\/www.cronacaonline.it\/public\/content\/index.php\/23\/02\/2015\/libia-renzi-siamo-in-grado-intervenire-pronti-a-leadership-diplomatica"},"modified":"2015-02-23T17:20:52","modified_gmt":"2015-02-23T16:20:52","slug":"libia-renzi-siamo-in-grado-intervenire-pronti-a-leadership-diplomatica","status":"publish","type":"post","link":"https:\/\/www.cronacaonline.it\/index.php\/2015\/02\/23\/libia-renzi-siamo-in-grado-intervenire-pronti-a-leadership-diplomatica\/","title":{"rendered":"Libia, Renzi: &#8220;siamo in grado intervenire. Pronti a leadership diplomatica&#8221;."},"content":{"rendered":"<p>\"L'Italia ha un servizio di intelligence che non \u00e8 come la Cia ma in Libia siamo i numeri uno\". Matteo Renzi, ha parlato ieri soprattutto del capitolo libico e garantisce: \"Voglio dare un segnale di tranquillit\u00e0 all'Italia.<\/p>\n<p>Conosciamo come stanno le cose e siamo in grado di intervenire\". Il presidente del Consiglio sottolinea che la leadership italiana pu\u00f2 essere sia diplomatica che di peacekeeping in futuro. Poi ribadisce la centralit\u00e0 del Mediterraneo, \"una questione strategica per prossimi 30 anni\".<\/p>\n<p>\"L'Isis in questo momento non \u00e8 cos\u00ec forte in Libia come vuol far credere\" assicura Renzi.&nbsp; L'operazione di comunicazione dei jihadisti \u00e8 finalizzata \"a farci vivere come vogliono loro. Non vogliono solo farci paura, ma cambiare il nostro modo di vivere, facendoci vivere come piace a loro, nella paura\".<\/p>\n<p>Renzi spiega i motivi del sul prossimo viaggio a Mosca, fissato per marzo. \"\u00c8 un tentativo, l'importante \u00e8 far passare il messaggio che nella partita della Libia l'Onu deve giocare un ruolo e siccome la Russia \u00e8 membro permanente...L'altra volta - rileva - l'intervento fu molto improvvisato e ora si pagano le conseguenze. Fu giusto cacciare Gheddafi, ma \u00e8 in corso una battaglia sul futuro del nostro mondo\", conclude ricordando che \"Al Sisi \u00e8 baluardo nel Mediterraneo\".<\/p>\n<p>\"Ad agosto o settembre mi ha chiamato Ban Ki Moon e ha sottolineato che per il passato coloniale dell'Italia in Libia sarebbe stato preferibile non un italiano\" a capo della missione Onu. Ruolo per cui poi \u00e8 stato designato Bernandino Leon.<\/p>\n<p>&nbsp;\"Si parlava di Prodi, di D'Alema, personalit\u00e0 che avevano avuto ruolo di ex presidente del Consiglio. Ma erano ipotesi sui giornali\". Prodi \"perch\u00e9 no?\": ha gi\u00e0 un ruolo per l'Onu in altri Paesi africani. \"Ma Ban Ki Moon mi ha detto: preferisco un non italiano\".<\/p>\n<p>\"Putin \u00e8 responsabile di aver violato l'integrit\u00e0 dell'Ucraina. Io sto provando di far passere un messaggio: se la Russia torna al tavolo della comunit\u00e0 internazionale saremmo tutti pi\u00f9 tranquilli\" ma \"per andare al tavolo \u00e8 chiaro che Putin deve uscire dall'Ucraina\". <\/p>\n<p>Le critiche della Boldrini sul Jobs act? \"Un problema suo, non nostro. Noi mandiamo avanti il programma di governo su cui abbiamo chiesto la fiducia e come dobbiamo fare\" afferma Renzi. \"La Boldrini \u00e8 la presidente della Camera - aggiunge - \u00e8 l'arbitro dei giochi parlamentari e la lascio fuori dalla discussione\".<\/p>\n<p>\"Il nostro obiettivo \u00e8 non\" far eleggere il nuovo cda Rai con la legge Gasparri. Perci\u00f2 \"se ci sono i tempi\" in Parlamento, \"faremo un ddl, se invece ci sono le condizioni di urgenza e necessit\u00e0 faremo un decreto legge come prescrive la Costituzione\".<\/p>\n<p>\"Non credo che Landini abbandoni il sindacato, \u00e8 il sindacato che ha abbandonato Landini.&nbsp; Il progetto Marchionne sta partendo, la Fiat sta tornando, meno male, a fare le macchine. La sconfitta sindacale pone Landini\" nel bisogno di cambiare pagina il suo impegno in politica scontato.&nbsp; <\/p>\n","protected":false},"excerpt":{"rendered":"<p>&#8220;L&#8217;Italia ha un servizio di intelligence che non \u00e8 come la Cia ma in Libia siamo i numeri uno&#8221;. Matteo Renzi, ha parlato ieri soprattutto&#8230;<\/p>\n","protected":false},"author":2,"featured_media":0,"comment_status":"closed","ping_status":"closed","sticky":false,"template":"","format":"standard","meta":[],"categories":[49],"tags":[],"_links":{"self":[{"href":"https:\/\/www.cronacaonline.it\/index.php\/wp-json\/wp\/v2\/posts\/114366"}],"collection":[{"href":"https:\/\/www.cronacaonline.it\/index.php\/wp-json\/wp\/v2\/posts"}],"about":[{"href":"https:\/\/www.cronacaonline.it\/index.php\/wp-json\/wp\/v2\/types\/post"}],"author":[{"embeddable":true,"href":"https:\/\/www.cronacaonline.it\/index.php\/wp-json\/wp\/v2\/users\/2"}],"replies":[{"embeddable":true,"href":"https:\/\/www.cronacaonline.it\/index.php\/wp-json\/wp\/v2\/comments?post=114366"}],"version-history":[{"count":0,"href":"https:\/\/www.cronacaonline.it\/index.php\/wp-json\/wp\/v2\/posts\/114366\/revisions"}],"wp:attachment":[{"href":"https:\/\/www.cronacaonline.it\/index.php\/wp-json\/wp\/v2\/media?parent=114366"}],"wp:term":[{"taxonomy":"category","embeddable":true,"href":"https:\/\/www.cronacaonline.it\/index.php\/wp-json\/wp\/v2\/categories?post=114366"},{"taxonomy":"post_tag","embeddable":true,"href":"https:\/\/www.cronacaonline.it\/index.php\/wp-json\/wp\/v2\/tags?post=114366"}],"curies":[{"name":"wp","href":"https:\/\/api.w.org\/{rel}","templated":true}]}}