{"id":114362,"date":"2015-02-23T17:20:52","date_gmt":"2015-02-23T16:20:52","guid":{"rendered":"http:\/\/www.cronacaonline.it\/public\/content\/index.php\/23\/02\/2015\/con-la-borsa-internazionale-delle-imprese-italo-arabe-la-sardegna-lancia-la-sfida-ai-mercati-arabi-e-diventa-centrale-nel-sistema-economico-dellarea-mediterranea"},"modified":"2015-02-23T17:20:52","modified_gmt":"2015-02-23T16:20:52","slug":"con-la-borsa-internazionale-delle-imprese-italo-arabe-la-sardegna-lancia-la-sfida-ai-mercati-arabi-e-diventa-centrale-nel-sistema-economico-dellarea-mediterranea","status":"publish","type":"post","link":"https:\/\/www.cronacaonline.it\/index.php\/2015\/02\/23\/con-la-borsa-internazionale-delle-imprese-italo-arabe-la-sardegna-lancia-la-sfida-ai-mercati-arabi-e-diventa-centrale-nel-sistema-economico-dellarea-mediterranea\/","title":{"rendered":"Con la Borsa Internazionale delle Imprese Italo Arabe, la Sardegna lancia la sfida ai mercati arabi e diventa centrale nel sistema economico dell\u2019area mediterranea."},"content":{"rendered":"<p>\u201cLa Borsa Internazionale delle Imprese Italo Arabe, che si svolger\u00f2 il 20 e 21 febbraio a Cagliari, in preparazione dell\u2019Expo Milano, \u00e8 uno degli eventi di punta che la Camera di Commercio Italo Araba ha organizzato nel 2015 a livello nazionale. Sono orgoglioso che la Sardegna possa ospitare una manifestazione cos\u00ec importante, che vede la partecipazione (nel convegno di apertura e nei 10 seminari) di 50 relatori tra esponenti del mondo politico arabo, italiano, regionale, studiosi, economisti, esperti del settore finanziario e bancario, associazioni di categoria e rappresentanti di aziende\u201d.&nbsp; Lo afferma Raimondo Schiavone, vice presidente nazionale vicario della Camera di Commercio Italo Araba.<\/p>\n<p>La Borsa Internazionale di Cagliari, per la sua formula innovativa, \u00e8 gi\u00e0 stata presa come riferimento da altre regioni e realt\u00e0 produttive per essere replicata altrove. \u201cPer la nostra regione, e la citt\u00e0 di Cagliari in particolare, \u00e8 una grande occasione di confronto e crescita\u201d, commenta Schiavone.<\/p>\n<p>\u201cLa risposta delle aziende sarde \u00e8 stata straordinaria: oltre cento aziende isolane, tra le quali spiccano alcuni marchi di grande eccellenza, hanno gi\u00e0 aderito e per loro si apre l\u2019opportunit\u00e0 di poter incontrare a Cagliari gli importatori e investitori on arrivo da Arabia Saudita, Qatar, Emirati Arabi, Algeria, Tunisia, Egitto, Libano e Iraq. Dopo tanto parlare, - evidenzia il vice presidente della CCIA - la Sardegna si trasforma in una vera porta del Mediterraneo e l\u2019internazionalizzazione delle imprese sarde verso i mercati arabi pu\u00f2 finalmente diventare una realt\u00e0\u201d.<\/p>\n<p>Schiavone, che guida anche la delegazione Sardegna, ricorda come lo sforzo della Camera di Commercio sia straordinario: \u201cGli incontri b2b che si svolgeranno nella Borsa sono senza alcun costo per le aziende. Metteremo a disposizione anche interpreti che parlano arabo, inglese e francese. Tutto gratuitamente. Questo \u00e8 il nostro modo di affrontare la crisi economica, una risposta concreta per agevolare le imprese sarde ad affrontare la sfida dei nuovi mercati ed esportare i propri prodotti, servizi, tecnologie e sapere verso realt\u00e0 che sanno apprezzare la seriet\u00e0 del nostro sistema produttivo\u201d.<\/p>\n<p>Particolarmente significativa \u00e8 la presenza delle aziende che operano nel settore dell\u2019agroalimentare: \u201cIl cibo \u2013 continua - \u00e8 infatti il tema centrale dell\u2019Expo Milano 2015 e la Borsa di Cagliari vuole mettere in campo le eccellenze del territorio, la salute e la qualit\u00e0 delle proprie produzioni a disposizione di aziende arabe e di importanti uomini d\u2019affari che voglio immettere nei mercati arabi prodotti di grande pregio\u201d.&nbsp;<\/p>\n<p>Per il vice presiedente nazionale della CCIA, l\u2019evento di Cagliari \u00e8 anche una dimostrazione di come in Sardegna sia possibile fare rete e cooperare tra diversi soggetti in modo produttivo: \u201cTutti i partner coinvolti \u2013 conclude Schiavone - hanno dato un contributo decisivo affinch\u00e9 la Borsa possa diventare la casa delle aziende che guardano alla sfida dei nuovi mercati con l\u2019orgoglio e la capacit\u00e0 di essere sardi. <\/p>\n","protected":false},"excerpt":{"rendered":"<p>\u201cLa Borsa Internazionale delle Imprese Italo Arabe, che si svolger\u00f2 il 20 e 21 febbraio a Cagliari, in preparazione dell\u2019Expo Milano, \u00e8 uno degli eventi&#8230;<\/p>\n","protected":false},"author":2,"featured_media":0,"comment_status":"closed","ping_status":"closed","sticky":false,"template":"","format":"standard","meta":[],"categories":[49],"tags":[],"_links":{"self":[{"href":"https:\/\/www.cronacaonline.it\/index.php\/wp-json\/wp\/v2\/posts\/114362"}],"collection":[{"href":"https:\/\/www.cronacaonline.it\/index.php\/wp-json\/wp\/v2\/posts"}],"about":[{"href":"https:\/\/www.cronacaonline.it\/index.php\/wp-json\/wp\/v2\/types\/post"}],"author":[{"embeddable":true,"href":"https:\/\/www.cronacaonline.it\/index.php\/wp-json\/wp\/v2\/users\/2"}],"replies":[{"embeddable":true,"href":"https:\/\/www.cronacaonline.it\/index.php\/wp-json\/wp\/v2\/comments?post=114362"}],"version-history":[{"count":0,"href":"https:\/\/www.cronacaonline.it\/index.php\/wp-json\/wp\/v2\/posts\/114362\/revisions"}],"wp:attachment":[{"href":"https:\/\/www.cronacaonline.it\/index.php\/wp-json\/wp\/v2\/media?parent=114362"}],"wp:term":[{"taxonomy":"category","embeddable":true,"href":"https:\/\/www.cronacaonline.it\/index.php\/wp-json\/wp\/v2\/categories?post=114362"},{"taxonomy":"post_tag","embeddable":true,"href":"https:\/\/www.cronacaonline.it\/index.php\/wp-json\/wp\/v2\/tags?post=114362"}],"curies":[{"name":"wp","href":"https:\/\/api.w.org\/{rel}","templated":true}]}}