{"id":114360,"date":"2015-02-23T17:20:52","date_gmt":"2015-02-23T16:20:52","guid":{"rendered":"http:\/\/www.cronacaonline.it\/public\/content\/index.php\/23\/02\/2015\/primarie-quartu-santelena-piras-risultato-storico"},"modified":"2015-02-23T17:20:52","modified_gmt":"2015-02-23T16:20:52","slug":"primarie-quartu-santelena-piras-risultato-storico","status":"publish","type":"post","link":"https:\/\/www.cronacaonline.it\/index.php\/2015\/02\/23\/primarie-quartu-santelena-piras-risultato-storico\/","title":{"rendered":"Primarie Quartu Sant\u2019Elena, Piras: risultato storico."},"content":{"rendered":"<p>\u201cPer il centrosinistra e per il Partito Democratico di Quartu \u00e8 un risultato storico frutto del lavoro di un partito nuovo e deciso a governare la citt\u00e0 per i prossimi cinque anni. Lo ha detto il segretario cittadino del Pd, Stefano Piras, all'indomani delle primarie del centrosinistra che hanno visto la vittoria di Stefano Delunas con 1648 voti. Ottima risultato anche per il consigliere comunale uscente, Francesco Piludu che ha ottenuto 1410 preferenze. Andrea Piani, terzo candidato del Pd ha ricevuto 251 voti.<\/p>\n<p>Quelle di domenica 22 febbraio entrano di diritto nella storia delle competizione primarie per il pi\u00f9 alto numero di elettori che si \u00e8 recato nei quattro seggi della citt\u00e0. \u201cAbbiamo messo in campo le migliori energie per questo record di partecipazione popolare. Oltre tremila votanti, un flusso continuo di persone che hanno espresso la volont\u00e0 di cambiare la citt\u00e0 di Quartu dopo cinque anni di buio. Il nostro partito - conclude Piras - ha iniziato il rinnovamento con una segreteria che pu\u00f2 contare al suo interno cinque responsabili under 30 (su otto componenti totali) e che sta diventando una delle pi\u00f9 attive realt\u00e0 in Sardegna grazie all'impegno costante sui temi che riguardando la citt\u00e0\u201d.<\/p>\n<p>Il lavoro del PD in vista delle prossime comunali proseguir\u00e0 con i Gruppi Democratici, al lavoro da qualche mese per la scrittura del programma dei dem per il prossimo maggio. Red<\/p>\n","protected":false},"excerpt":{"rendered":"<p>\u201cPer il centrosinistra e per il Partito Democratico di Quartu \u00e8 un risultato storico frutto del lavoro di un partito nuovo e deciso a governare&#8230;<\/p>\n","protected":false},"author":2,"featured_media":0,"comment_status":"closed","ping_status":"closed","sticky":false,"template":"","format":"standard","meta":[],"categories":[49],"tags":[],"_links":{"self":[{"href":"https:\/\/www.cronacaonline.it\/index.php\/wp-json\/wp\/v2\/posts\/114360"}],"collection":[{"href":"https:\/\/www.cronacaonline.it\/index.php\/wp-json\/wp\/v2\/posts"}],"about":[{"href":"https:\/\/www.cronacaonline.it\/index.php\/wp-json\/wp\/v2\/types\/post"}],"author":[{"embeddable":true,"href":"https:\/\/www.cronacaonline.it\/index.php\/wp-json\/wp\/v2\/users\/2"}],"replies":[{"embeddable":true,"href":"https:\/\/www.cronacaonline.it\/index.php\/wp-json\/wp\/v2\/comments?post=114360"}],"version-history":[{"count":0,"href":"https:\/\/www.cronacaonline.it\/index.php\/wp-json\/wp\/v2\/posts\/114360\/revisions"}],"wp:attachment":[{"href":"https:\/\/www.cronacaonline.it\/index.php\/wp-json\/wp\/v2\/media?parent=114360"}],"wp:term":[{"taxonomy":"category","embeddable":true,"href":"https:\/\/www.cronacaonline.it\/index.php\/wp-json\/wp\/v2\/categories?post=114360"},{"taxonomy":"post_tag","embeddable":true,"href":"https:\/\/www.cronacaonline.it\/index.php\/wp-json\/wp\/v2\/tags?post=114360"}],"curies":[{"name":"wp","href":"https:\/\/api.w.org\/{rel}","templated":true}]}}