{"id":114359,"date":"2015-02-23T17:20:52","date_gmt":"2015-02-23T16:20:52","guid":{"rendered":"http:\/\/www.cronacaonline.it\/public\/content\/index.php\/23\/02\/2015\/riforma-della-regione-sardegna-prosegue-con-i-sindacati-confederali-il-confronto-per-la-maggiore-efficienza-della-pa"},"modified":"2015-02-23T17:20:52","modified_gmt":"2015-02-23T16:20:52","slug":"riforma-della-regione-sardegna-prosegue-con-i-sindacati-confederali-il-confronto-per-la-maggiore-efficienza-della-pa","status":"publish","type":"post","link":"https:\/\/www.cronacaonline.it\/index.php\/2015\/02\/23\/riforma-della-regione-sardegna-prosegue-con-i-sindacati-confederali-il-confronto-per-la-maggiore-efficienza-della-pa\/","title":{"rendered":"Riforma della regione Sardegna: prosegue con i sindacati confederali il confronto per la maggiore efficienza della p.a."},"content":{"rendered":"<p>Incontro del presidente Francesco Pigliaru, affiancato dagli assessori degli Affari generali, Personale e Riforma della Regione, Gianmario Demuro, e degli Enti Locali, Cristiano Erriu, con i sindacati confederali, riuniti quest'oggi in viale Trento. Focus della riunione, la condivisione del percorso intorno alle modifiche necessarie al miglior funzionamento della macchina regionale, per raggiungere maggiore efficienza e produttivit\u00e0.<\/p>\n<p>\u201cAbbiamo ormai un'idea chiara sulle difficolt\u00e0 inerenti la macchina regionale\u201d ha esordito il presidente Pigliaru. \u201cCi scontriamo con un'enorme rigidit\u00e0 organizzativa. Serve pi\u00f9 flessibilit\u00e0 e mobilit\u00e0 per far diventare le nostre idee operative. Vorremmo poter irrobustire i servizi a supporto di priorit\u00e0 ed aree strategiche quali scuola, lavoro, sanit\u00e0, semplificazione. L'innovazione organizzativa \u00e8 un'emergenza assoluta. Ci interessa un confronto in tempi molto rapidi, in cui ognuno porta la propria conoscenza e le buone pratiche nell'esperienza regionale.\u201d<\/p>\n<p>Parlando di meritocrazia e premialit\u00e0 nell'attivit\u00e0 della PA, il Presidente ha sottolineato l\u2019esigenza di un sistema di valutazione oggettivo ed ha reso noto che la Sardegna \u00e8 la prima regione in Italia per componente premiale ai dirigenti, con enormi sproporzioni rispetto alle altre regioni. \u201cUn'anomalia non pi\u00f9 accettabile. La premialit\u00e0 deve incentivare comportamenti migliori e la qualit\u00e0 del lavoro.\u201d<\/p>\n<p>L'assessore Gianmario Demuro ha ricordato che la legge 24\/2014 sulla riorganizzazione della Regione e sulla mobilit\u00e0 ha in s\u00e9 gli strumenti per intervenire e organizzare dall'interno la struttura regionale e che, come riconosciuto dalla Corte dei Conti, ricomprende anche le disposizioni per gli adempimenti sulla valutazione e gli strumenti per far funzionare il controllo di gestione. \u201cCi\u00f2 ci permette di iniziare a pensare la Regione in maniera integrata, evitando nel frattempo i tagli ai servizi e irrobustendo il rapporto con lo Stato\u201d, ha affermato l\u2019Assessore.<\/p>\n<p>Cristiano Erriu, titolare degli Enti Locali, ha poi illustrato la road map per la ridistribuzione delle funzioni tra i diversi soggetti, avendo presenti sussidiariet\u00e0 ed efficienza: nell\u2019Osservatorio e nel Tavolo sulla riforma degli Enti Locali si stanno discutendo le proposte che verranno declinate nel progetto di legge che approder\u00e0 a breve in Consiglio. \u201cLa nostra proposta, che prevede il superamento delle Province, secondo la scelta del governo nazionale, intende sviluppare il rapporto di collaborazione con i sindacati per la definizione precisa delle funzioni da riallocare\u201d, ha affermato Erriu. Giunta e sindacati si confronteranno a breve anche sulla connessione tra politiche per il lavoro e politiche per lo sviluppo. Com<\/p>\n","protected":false},"excerpt":{"rendered":"<p>Incontro del presidente Francesco Pigliaru, affiancato dagli assessori degli Affari generali, Personale e Riforma della Regione, Gianmario Demuro, e degli Enti Locali, Cristiano Erriu, con&#8230;<\/p>\n","protected":false},"author":2,"featured_media":0,"comment_status":"closed","ping_status":"closed","sticky":false,"template":"","format":"standard","meta":[],"categories":[49],"tags":[],"_links":{"self":[{"href":"https:\/\/www.cronacaonline.it\/index.php\/wp-json\/wp\/v2\/posts\/114359"}],"collection":[{"href":"https:\/\/www.cronacaonline.it\/index.php\/wp-json\/wp\/v2\/posts"}],"about":[{"href":"https:\/\/www.cronacaonline.it\/index.php\/wp-json\/wp\/v2\/types\/post"}],"author":[{"embeddable":true,"href":"https:\/\/www.cronacaonline.it\/index.php\/wp-json\/wp\/v2\/users\/2"}],"replies":[{"embeddable":true,"href":"https:\/\/www.cronacaonline.it\/index.php\/wp-json\/wp\/v2\/comments?post=114359"}],"version-history":[{"count":0,"href":"https:\/\/www.cronacaonline.it\/index.php\/wp-json\/wp\/v2\/posts\/114359\/revisions"}],"wp:attachment":[{"href":"https:\/\/www.cronacaonline.it\/index.php\/wp-json\/wp\/v2\/media?parent=114359"}],"wp:term":[{"taxonomy":"category","embeddable":true,"href":"https:\/\/www.cronacaonline.it\/index.php\/wp-json\/wp\/v2\/categories?post=114359"},{"taxonomy":"post_tag","embeddable":true,"href":"https:\/\/www.cronacaonline.it\/index.php\/wp-json\/wp\/v2\/tags?post=114359"}],"curies":[{"name":"wp","href":"https:\/\/api.w.org\/{rel}","templated":true}]}}